{"id":43816,"date":"2022-07-23T06:59:50","date_gmt":"2022-07-23T11:59:50","guid":{"rendered":"http:\/\/www.zonaroja.com.mx\/?p=43816"},"modified":"2022-07-23T06:59:52","modified_gmt":"2022-07-23T11:59:52","slug":"tras-acuerdos-la-madrugada-de-hoy-reabren-tiradero-de-basura-en-zaachila","status":"publish","type":"post","link":"https:\/\/zonaroja.com.mx\/?p=43816","title":{"rendered":"Tras acuerdos la madrugada de hoy, reabren tiradero de basura en Zaachila"},"content":{"rendered":"\n<p>Redacci\u00f3n\/Zona Roja.<\/p>\n\n\n\n<p>Oaxaca de Ju\u00e1rez, Oax.- 23 de julio de 2022.- Sin una soluci\u00f3n integral a la problem\u00e1tica de la basura, la madrugada de hoy autoridades municipales y estatales acordaron con colonos la reapertura del tiradero ubicado en el municipio de la Villa de Zaachila, desde hoy y hasta el 8 de octubre.<\/p>\n\n\n\n<p>Dicho dep\u00f3sito, al que llevaban sus desechos alrededor de 25 municipios, fue cerrado de manera unilateral por habitantes de la agencia Renacimiento el pasado 15 de julio, al desconocer acuerdos signados la v\u00edspera.<\/p>\n\n\n\n<p>Ello provoc\u00f3 una crisis de acumulamiento de desechos en calles y parques de la ciudad de Oaxaca, principalmente, en la semana previa al primer Lunes del Cerro de la Guelaguetza.<\/p>\n\n\n\n<p>Sobre el tema, anoche inici\u00f3 una reuni\u00f3n en las oficinas de la Secretar\u00eda General de Gobierno (Segego) ubicadas Ciudad Administrativa, Tlalixtac de Cabrera, y que culmin\u00f3 la madrugada de este s\u00e1bado.<\/p>\n\n\n\n<p>Sin m\u00e1s detalles, a trav\u00e9s de un bolet\u00edn el gobierno inform\u00f3 que \u201cse ratific\u00f3 una minuta que permite el cierre parcial del tiradero municipal ubicado en la agencia Vicente Guerrero perteneciente al municipio Villa de Zaachila\u201d.<\/p>\n\n\n\n<p>\u201cComo resultado de la suma de buenas voluntades y la sensibilidad social, las y los presidentes municipales, as\u00ed como los representantes de las colonias aleda\u00f1as al tiradero municipal, acordaron reactivar el sistema de recolecci\u00f3n basura, a partir de las 07:00 hrs de este d\u00eda\u201d.<\/p>\n\n\n\n<p>Cabe se\u00f1alar que se realizar\u00e1 un programa de cierre parcial, con el objetivo de dar una soluci\u00f3n definitiva y de largo plazo al problema de la basura que aqueja estas zonas debido a la saturaci\u00f3n de los vertederos\u201d.&nbsp;<\/p>\n\n\n\n<p>El acuerdo s\u00f3lo alcanza para cinco municipios considerados inicialmente en el precierre, y que ten\u00edan como plazo tres meses para seguir depositando su basura en ese sitio y que son Oaxaca de Ju\u00e1rez, Villa de Zaachila, San Bartolo Coyotepec, Santa Mar\u00eda Coyotepec y San Mart\u00edn Tilcajete.<\/p>\n\n\n\n<p>A la reuni\u00f3n acudieron los ediles de la capital, Francisco Mart\u00ednez Neri, y de la Villa de Zaachila, Rigoberto Chac\u00f3n P\u00e9rez, as\u00ed como titulares de la Segego, Francisco Garc\u00eda L\u00f3pez, y de la Secretar\u00eda de Medio Ambiente, Energ\u00edas y Desarrollo Sustentable de Oaxaca (Semaedeso), Helena Iturribar\u00eda.<\/p>\n\n\n\n<p>Tambi\u00e9n, Eusebio Sareo Lorenzo, agente municipal de Vicente Guerrero; Constantino M\u00e9ndez Vicente, de la colonia Santa Isabel; Eva Samora \u00c1lvarez, de la colonia Cuatro Milpas; Candido Velazco Torres, colonia los Encinos; \u00d3scar Jes\u00fas Salinas P\u00e9rez, colonia Ampliaci\u00f3n Gonz\u00e1lez Guardado; Martha Guadalupe Castro, presidenta de la colonia Alarilla; Elena Maya Mart\u00ednez, colonia 24 de julio; Crist\u00f3bal Reyes Garc\u00eda, colonia de La Cuesta; Jes\u00fas Ni\u00f1o Morales, colonia Rancho Viejo y Benito Ju\u00e1rez Garc\u00eda, presidente de la colonia La Gotera.<\/p>\n","protected":false},"excerpt":{"rendered":"<p>Redacci\u00f3n\/Zona Roja. Oaxaca de Ju\u00e1rez, Oax.- 23 de julio de 2022.- Sin una soluci\u00f3n integral&hellip;<\/p>\n","protected":false},"author":2,"featured_media":43817,"comment_status":"closed","ping_status":"open","sticky":false,"template":"","format":"standard","meta":{"_lmt_disableupdate":"","_lmt_disable":"","_jetpack_memberships_contains_paid_content":false,"footnotes":""},"categories":[109,46],"tags":[148],"class_list":["post-43816","post","type-post","status-publish","format-standard","has-post-thumbnail","hentry","category-minuto-a-minuto","category-zona-blanca","tag-oaxaca-de-juarez"],"jetpack_featured_media_url":"https:\/\/zonaroja.com.mx\/wp-content\/uploads\/2022\/07\/Reunion-gobierno-y-ediles-caso-basurero-tiradero.jpg","jetpack_sharing_enabled":true,"_links":{"self":[{"href":"https:\/\/zonaroja.com.mx\/index.php?rest_route=\/wp\/v2\/posts\/43816","targetHints":{"allow":["GET"]}}],"collection":[{"href":"https:\/\/zonaroja.com.mx\/index.php?rest_route=\/wp\/v2\/posts"}],"about":[{"href":"https:\/\/zonaroja.com.mx\/index.php?rest_route=\/wp\/v2\/types\/post"}],"author":[{"embeddable":true,"href":"https:\/\/zonaroja.com.mx\/index.php?rest_route=\/wp\/v2\/users\/2"}],"replies":[{"embeddable":true,"href":"https:\/\/zonaroja.com.mx\/index.php?rest_route=%2Fwp%2Fv2%2Fcomments&post=43816"}],"version-history":[{"count":1,"href":"https:\/\/zonaroja.com.mx\/index.php?rest_route=\/wp\/v2\/posts\/43816\/revisions"}],"predecessor-version":[{"id":43818,"href":"https:\/\/zonaroja.com.mx\/index.php?rest_route=\/wp\/v2\/posts\/43816\/revisions\/43818"}],"wp:featuredmedia":[{"embeddable":true,"href":"https:\/\/zonaroja.com.mx\/index.php?rest_route=\/wp\/v2\/media\/43817"}],"wp:attachment":[{"href":"https:\/\/zonaroja.com.mx\/index.php?rest_route=%2Fwp%2Fv2%2Fmedia&parent=43816"}],"wp:term":[{"taxonomy":"category","embeddable":true,"href":"https:\/\/zonaroja.com.mx\/index.php?rest_route=%2Fwp%2Fv2%2Fcategories&post=43816"},{"taxonomy":"post_tag","embeddable":true,"href":"https:\/\/zonaroja.com.mx\/index.php?rest_route=%2Fwp%2Fv2%2Ftags&post=43816"}],"curies":[{"name":"wp","href":"https:\/\/api.w.org\/{rel}","templated":true}]}}