{"id":43819,"date":"2022-07-23T07:20:45","date_gmt":"2022-07-23T12:20:45","guid":{"rendered":"http:\/\/www.zonaroja.com.mx\/?p=43819"},"modified":"2022-07-23T07:20:46","modified_gmt":"2022-07-23T12:20:46","slug":"tres-anos-despues-detienen-a-presunto-agresor-sexual-de-una-menor-en-el-istmo","status":"publish","type":"post","link":"https:\/\/zonaroja.com.mx\/?p=43819","title":{"rendered":"Tres a\u00f1os despu\u00e9s, detienen a presunto agresor sexual de una menor en el Istmo"},"content":{"rendered":"\n<p>Redacci\u00f3n\/Zona Roja.<\/p>\n\n\n\n<p>Oaxaca de Ju\u00e1rez, Oax., 23 de julio de 2022.- Personal de la Fiscal\u00eda General del Estado de Oaxaca aprehendi\u00f3 a una persona adulta que presuntamente agredi\u00f3 sexualmente a una menor de edad, el pasado 11 de octubre de 2019.<\/p>\n\n\n\n<p>Se trata de Fidel R. R., due\u00f1o de una taquer\u00eda en Ciudad Ixtepec, quien, de acuerdo con un video que se difundi\u00f3 en ese entonces, manose\u00f3 a una peque\u00f1a de nueve a\u00f1os de edad que hab\u00eda acudido a comprar tacos.<\/p>\n\n\n\n<p>Fue la tarde del jueves en que elementos de la Agencia Estatal de Investigaciones dieron cumplimiento a la orden de aprehensi\u00f3n en contra del sujeto, en la calle Pino Su\u00e1rez de Ixtepec.<\/p>\n\n\n\n<p>En un comunicado, la Fiscal\u00eda General inform\u00f3 que, de acuerdo con la causa penal 440\/2019, los hechos ocurrieron el 11 de octubre de 2019, cuando el imputado probablemente agredi\u00f3 de forma sexual a la v\u00edctima.<\/p>\n\n\n\n<p>Ante estos hechos y tras la denuncia presentada, la instituci\u00f3n de procuraci\u00f3n de justicia atrajo la investigaci\u00f3n -a trav\u00e9s del Centro de Justicia para las Mujeres (CEJUM-ISTMO) -, logrando identificar y aprehender al probable responsable, cuya situaci\u00f3n jur\u00eddica se resolver\u00e1 en las pr\u00f3ximas horas.<\/p>\n\n\n\n<p>OTROS CASOS<\/p>\n\n\n\n<p>En otro caso, la Fiscal\u00eda General del Estado obtuvo, del Tribunal de Enjuiciamiento, sentencia condenatoria de 35 a\u00f1os de prisi\u00f3n contra el masculino identificado como J. M. R. C., alias \u201cEl Chal\u00e1n\u201d, responsable del delito de homicidio calificado con ventaja en agravio de quien vida respondi\u00f3 al nombre de A. L. H., crimen cometido en marzo de 2019, en Soledad Etla, en la regi\u00f3n de Valles Centrales.<\/p>\n\n\n\n<p>De acuerdo con la carpeta de investigaci\u00f3n 9987\/FVCE\/ETLA\/2019, el 25 de marzo de 2019, el responsable -en compa\u00f1\u00eda de otras personas- golpe\u00f3 con un objeto met\u00e1lico la cabeza de la v\u00edctima (martillo), provoc\u00e1ndole heridas de gravedad que le ocasionaron la muerte cuando se encontraban en el interior de un domicilio ubicado en inmediaciones de la calle Sabino Norte, perteneciente a la referida demarcaci\u00f3n.<\/p>\n\n\n\n<p>Ante este hecho violento, la Instituci\u00f3n de procuraci\u00f3n de justicia atrajo la investigaci\u00f3n -a trav\u00e9s de la Direcci\u00f3n de Averiguaciones Previas y Procesos- y realiz\u00f3 las diligencias correspondientes, logrando presentar al imputado ante el Juez de la causa, quien determin\u00f3 vincularlo a proceso.<\/p>\n\n\n\n<p>En audiencia, el Tribunal de Enjuiciamiento dict\u00f3 sentencia condenatoria contra el homicida, imponiendo la pena de 35 a\u00f1os de prisi\u00f3n, as\u00ed como el pago de la reparaci\u00f3n del da\u00f1o por m\u00e1s de 422 mil pesos.<\/p>\n\n\n\n<p>PR\u00d3FUGO DETENIDO<\/p>\n\n\n\n<p>En otro hecho, la&nbsp; Fiscal\u00eda dio cumpliment\u00f3 a la orden de aprehensi\u00f3n contra la persona del sexo masculino identificada como O. Y. R. L., se\u00f1alado como probable responsable del delito de homicidio con ventaja en agravio de quien en vida respondi\u00f3 al nombre de J. A. R. R., cometido en 2014 en jurisdicci\u00f3n de San Juan Bautista Tuxtepec, en la regi\u00f3n de la Cuenca.<\/p>\n\n\n\n<p>De acuerdo con la carpeta de investigaci\u00f3n 008\/FTUXA\/2014, los hechos se suscitaron el 1 de enero de 2014, cuando el imputado probablemente agredi\u00f3 con dispar\u00f3 de arma de fuego a la v\u00edctima, ocasion\u00e1ndole lesiones que le provocaron la muerte, cuando se encontraban en inmediaciones de la poblaci\u00f3n de Papaloapan, perteneciente a la referida demarcaci\u00f3n.<\/p>\n\n\n\n<p>Ante este crimen, la FGEO atrajo el caso -a trav\u00e9s de la Vicefiscal\u00eda Regional de la Cuenca-, logrando identificar&nbsp; y aprehender al probable responsable, quien fue puesto a disposici\u00f3n de la autoridad judicial que lo requiri\u00f3 y cuya situaci\u00f3n jur\u00eddica se definir\u00e1 en las pr\u00f3ximas horas.<\/p>\n\n\n\n<p>La Fiscal\u00eda General compromete investigaciones exhaustivas en delitos de alto impacto, garantizando justicia y paz a la ciudadan\u00eda.<\/p>\n","protected":false},"excerpt":{"rendered":"<p>Redacci\u00f3n\/Zona Roja. Oaxaca de Ju\u00e1rez, Oax., 23 de julio de 2022.- Personal de la Fiscal\u00eda&hellip;<\/p>\n","protected":false},"author":2,"featured_media":43820,"comment_status":"closed","ping_status":"open","sticky":false,"template":"","format":"standard","meta":{"_lmt_disableupdate":"","_lmt_disable":"","_jetpack_memberships_contains_paid_content":false,"footnotes":""},"categories":[109,46],"tags":[494],"class_list":["post-43819","post","type-post","status-publish","format-standard","has-post-thumbnail","hentry","category-minuto-a-minuto","category-zona-blanca","tag-fiscalia-general-del-estado-de-oaxaca"],"jetpack_featured_media_url":"https:\/\/zonaroja.com.mx\/wp-content\/uploads\/2022\/07\/Agresor-sexual-de-menor-en-Ixtepec.jpg","jetpack_sharing_enabled":true,"_links":{"self":[{"href":"https:\/\/zonaroja.com.mx\/index.php?rest_route=\/wp\/v2\/posts\/43819","targetHints":{"allow":["GET"]}}],"collection":[{"href":"https:\/\/zonaroja.com.mx\/index.php?rest_route=\/wp\/v2\/posts"}],"about":[{"href":"https:\/\/zonaroja.com.mx\/index.php?rest_route=\/wp\/v2\/types\/post"}],"author":[{"embeddable":true,"href":"https:\/\/zonaroja.com.mx\/index.php?rest_route=\/wp\/v2\/users\/2"}],"replies":[{"embeddable":true,"href":"https:\/\/zonaroja.com.mx\/index.php?rest_route=%2Fwp%2Fv2%2Fcomments&post=43819"}],"version-history":[{"count":1,"href":"https:\/\/zonaroja.com.mx\/index.php?rest_route=\/wp\/v2\/posts\/43819\/revisions"}],"predecessor-version":[{"id":43821,"href":"https:\/\/zonaroja.com.mx\/index.php?rest_route=\/wp\/v2\/posts\/43819\/revisions\/43821"}],"wp:featuredmedia":[{"embeddable":true,"href":"https:\/\/zonaroja.com.mx\/index.php?rest_route=\/wp\/v2\/media\/43820"}],"wp:attachment":[{"href":"https:\/\/zonaroja.com.mx\/index.php?rest_route=%2Fwp%2Fv2%2Fmedia&parent=43819"}],"wp:term":[{"taxonomy":"category","embeddable":true,"href":"https:\/\/zonaroja.com.mx\/index.php?rest_route=%2Fwp%2Fv2%2Fcategories&post=43819"},{"taxonomy":"post_tag","embeddable":true,"href":"https:\/\/zonaroja.com.mx\/index.php?rest_route=%2Fwp%2Fv2%2Ftags&post=43819"}],"curies":[{"name":"wp","href":"https:\/\/api.w.org\/{rel}","templated":true}]}}