{"id":43822,"date":"2022-07-23T07:48:43","date_gmt":"2022-07-23T12:48:43","guid":{"rendered":"http:\/\/www.zonaroja.com.mx\/?p=43822"},"modified":"2022-07-23T07:48:44","modified_gmt":"2022-07-23T12:48:44","slug":"inicia-renovacion-de-dirigencia-sindical-en-hospital-civil-de-oaxaca","status":"publish","type":"post","link":"https:\/\/zonaroja.com.mx\/?p=43822","title":{"rendered":"Inicia renovaci\u00f3n de dirigencia sindical en Hospital Civil de Oaxaca"},"content":{"rendered":"\n<p>Redacci\u00f3n\/Zona Roja.<\/p>\n\n\n\n<p>Oaxaca de Ju\u00e1rez, Oax., 23 de julio de 2022.- Este viernes iniciaron las campa\u00f1as para renovar la dirigencia de la Subsecci\u00f3n 07 de la Secci\u00f3n 35 del Sindicato Nacional de Trabajadores de Salud, en el Hospital General \u201cDr. Aurelio Valdivieso\u201d.<\/p>\n\n\n\n<p>Una de las planillas, la \u201cGuinda\u201d, est\u00e1 encabezada por el enfermero Marcos G\u00f3mez Cruz, quien ayer mismo inici\u00f3 campa\u00f1a interna, al ofrecer renovar las pr\u00e1cticas sindicales en dicho nosocomio, el principal del estado, ubicado en la capital.<\/p>\n\n\n\n<p>G\u00f3mez Cruz, maestro en Geriatr\u00eda y con un doctorado en Alta Dirigencia de hospitales, es respaldado por una planilla con pluralidad, hombres y mujeres, que buscan el bienestar de los trabajadores.<\/p>\n\n\n\n<p>Apunt\u00f3 que regresar\u00e1n a la base trabajadora del Hospital General \u201cDr Aurelio Valdivieso\u201d los derechos laborales y garant\u00edas que se perdieron lamentablemente con dirigencias pasadas.&nbsp;<\/p>\n\n\n\n<p>Adem\u00e1s, que la transici\u00f3n del IMSS-Bienestar se lleve a cabo de manera&nbsp; informada y con respeto a los derechos de trabajadores; otra prioridad es transparentar los procesos escalafonarios.<\/p>\n\n\n\n<p>\u201cNadie por encima de otros ni procesos bajo el agua\u201d, es la premisa de la planilla \u201cGuinda\u201d y ser\u00e1 este 28 de julio en que el Hospital General decidir\u00e1 con responsabilidad y democr\u00e1ticamente a la nueva dirigencia, con el respaldo que han brindando desde un inicio a la planilla \u201cGuinda\u201d.<\/p>\n\n\n\n<figure class=\"wp-block-embed is-type-rich is-provider-twitter wp-block-embed-twitter\"><div class=\"wp-block-embed__wrapper\">\n<div class=\"twitter-tweet\"><blockquote class=\"twitter-tweet\" data-lang=\"es\"><p lang=\"es\" dir=\"ltr\"><a href=\"https:\/\/twitter.com\/hashtag\/%C3%9AltimoMinuto?src=hash&amp;ref_src=twsrc%5Etfw\">#\u00daltimoMinuto<\/a><br>En Hospital General \u201cDr. Aurelio Valdivieso\u201d de los <a href=\"https:\/\/twitter.com\/SSO_GobOax?ref_src=twsrc%5Etfw\">@SSO_GobOax<\/a> inici\u00f3 el relevo de la dirigencia de la Subsecci\u00f3n 07 de la Secci\u00f3n 35 del Sindicato Nacional de Salud. <br>La favorita para mayor\u00eda la de empleados es la planilla Guinda, que encabeza Marcos G\u00f3mez Cruz. <a href=\"https:\/\/t.co\/XDHcaY6YR8\">pic.twitter.com\/XDHcaY6YR8<\/a><\/p>&mdash; Zona Roja Oaxaca (@ZonaRoja_Oaxaca) <a href=\"https:\/\/twitter.com\/ZonaRoja_Oaxaca\/status\/1550622020253224961?ref_src=twsrc%5Etfw\">22 de julio de 2022<\/a><\/blockquote><\/div>\n<\/div><\/figure>\n","protected":false},"excerpt":{"rendered":"<p>Redacci\u00f3n\/Zona Roja. Oaxaca de Ju\u00e1rez, Oax., 23 de julio de 2022.- Este viernes iniciaron las&hellip;<\/p>\n","protected":false},"author":2,"featured_media":43823,"comment_status":"closed","ping_status":"open","sticky":false,"template":"","format":"standard","meta":{"_lmt_disableupdate":"","_lmt_disable":"","_jetpack_memberships_contains_paid_content":false,"footnotes":""},"categories":[109,46],"tags":[1633],"class_list":["post-43822","post","type-post","status-publish","format-standard","has-post-thumbnail","hentry","category-minuto-a-minuto","category-zona-blanca","tag-hospital-general-dr-aurelio-valdivieso"],"jetpack_featured_media_url":"https:\/\/zonaroja.com.mx\/wp-content\/uploads\/2022\/07\/Planilla-Guinda-Hospital-Civil-Oaxaca.jpg","jetpack_sharing_enabled":true,"_links":{"self":[{"href":"https:\/\/zonaroja.com.mx\/index.php?rest_route=\/wp\/v2\/posts\/43822","targetHints":{"allow":["GET"]}}],"collection":[{"href":"https:\/\/zonaroja.com.mx\/index.php?rest_route=\/wp\/v2\/posts"}],"about":[{"href":"https:\/\/zonaroja.com.mx\/index.php?rest_route=\/wp\/v2\/types\/post"}],"author":[{"embeddable":true,"href":"https:\/\/zonaroja.com.mx\/index.php?rest_route=\/wp\/v2\/users\/2"}],"replies":[{"embeddable":true,"href":"https:\/\/zonaroja.com.mx\/index.php?rest_route=%2Fwp%2Fv2%2Fcomments&post=43822"}],"version-history":[{"count":1,"href":"https:\/\/zonaroja.com.mx\/index.php?rest_route=\/wp\/v2\/posts\/43822\/revisions"}],"predecessor-version":[{"id":43824,"href":"https:\/\/zonaroja.com.mx\/index.php?rest_route=\/wp\/v2\/posts\/43822\/revisions\/43824"}],"wp:featuredmedia":[{"embeddable":true,"href":"https:\/\/zonaroja.com.mx\/index.php?rest_route=\/wp\/v2\/media\/43823"}],"wp:attachment":[{"href":"https:\/\/zonaroja.com.mx\/index.php?rest_route=%2Fwp%2Fv2%2Fmedia&parent=43822"}],"wp:term":[{"taxonomy":"category","embeddable":true,"href":"https:\/\/zonaroja.com.mx\/index.php?rest_route=%2Fwp%2Fv2%2Fcategories&post=43822"},{"taxonomy":"post_tag","embeddable":true,"href":"https:\/\/zonaroja.com.mx\/index.php?rest_route=%2Fwp%2Fv2%2Ftags&post=43822"}],"curies":[{"name":"wp","href":"https:\/\/api.w.org\/{rel}","templated":true}]}}