{"id":43827,"date":"2022-07-23T10:55:00","date_gmt":"2022-07-23T15:55:00","guid":{"rendered":"http:\/\/www.zonaroja.com.mx\/?p=43827"},"modified":"2022-07-23T08:07:51","modified_gmt":"2022-07-23T13:07:51","slug":"ola-de-calor-deja-en-espana-y-portugal-1700-muertos","status":"publish","type":"post","link":"https:\/\/zonaroja.com.mx\/?p=43827","title":{"rendered":"Ola de calor deja en Espa\u00f1a y Portugal 1,700 muertos"},"content":{"rendered":"\n<p>Redacci\u00f3n\/Zona Roja Cdmx.<\/p>\n\n\n\n<p>Ciudad de M\u00e9xico, 23 de julio de 2022.- Las altas temperaturas, que en algunos puntos de la pen\u00ednsula ib\u00e9rica han superado los 43 grados, son causa de al menos mil 700 fallecimientos este a\u00f1o en Espa\u00f1a y Portugal, la cifra m\u00e1s alta de la que se tiene registro, inform\u00f3 el director de la Oficina Regional para Europa de la Organizaci\u00f3n Mundial de la Salud (OMS), Hans Kluge.<\/p>\n\n\n\n<p>La ola de incendios contin\u00faa devastando buena parte del territorio espa\u00f1ol, y ya destruy\u00f3 m\u00e1s de mil 900 hect\u00e1reas, al tiempo que se registran nuevos incendios forestales, en las islas Canarias, Galicia y Arag\u00f3n.<\/p>\n\n\n\n<p>Las cifras de muertos por la can\u00edcula que registran las autoridades espa\u00f1olas y portuguesas difieren mucho de las de la OMS, el organismo internacional que lleva m\u00e1s tiempo investigando las causas de decesos por calor intenso.&nbsp;<\/p>\n\n\n\n<p>\u00c9stas van desde el golpe de calor, que hace que la temperatura del cuerpo se eleve por encima de 40 grados cent\u00edgrados y que el organismo sufra un colapso general, hasta la deshidrataci\u00f3n, que afecta sobre todo a personas de la tercera edad. Tambi\u00e9n est\u00e1 la calcinaci\u00f3n durante la lucha contra los incendios forestales.<\/p>\n\n\n\n<p>Las autoridades espa\u00f1olas dijeron hace s\u00f3lo dos d\u00edas que la ola de calor actual provoc\u00f3 600 decesos en el pa\u00eds, y Portugal asegur\u00f3 que en su territorio no hab\u00eda m\u00e1s de 300.<\/p>\n\n\n\n<p>La OMS, sin embargo, puso en entredicho las cifras de los gobiernos ib\u00e9ricos, al elevar a mil 700 los muertos por la ola de calor, lo que confirma que el cambio clim\u00e1tico est\u00e1 provocando una alteraci\u00f3n grave en los ciclos naturales del medio ambiente.&nbsp;<\/p>\n\n\n\n<p>La agencia calific\u00f3 de \u201calarmante\u201d y \u201capocal\u00edptico\u201d el balance de muertos en Espa\u00f1a y Portugal que, a su juicio, debe hacer que Madrid, Lisboa y la sociedad replanteen la forma de luchar contra los efectos devastadores del cambio clim\u00e1tico.<\/p>\n\n\n\n<p>En Espa\u00f1a se registraron nuevos incendios forestales en las islas Canarias, Galicia y Arag\u00f3n, entre otros, que se agregan a los que arrasaron m\u00e1s de mil 900 hect\u00e1reas en la \u00faltima semana.<\/p>\n\n\n\n<p>El presidente Pedro S\u00e1nchez, insisti\u00f3 en un mensaje que \u201cel cambio clim\u00e1tico mata\u201d y dijo que en lo que va del a\u00f1o 120 mil hect\u00e1reas forestales han sido devastadas por incendios, muchos de ellos causados por el calor, pero algunos han sido provocados por accidente o deliberadamente.<\/p>\n\n\n\n<p>El ministro del Interior, Fernando Grande-Marlaska, pidi\u00f3 \u201cextremar la precauci\u00f3n, la mejor manera de prevenir los efectos de estas olas de calor\u201d.<\/p>\n\n\n\n<p>(Informaci\u00f3n de agencias en \u201cLa Jornada\u201d)<\/p>\n","protected":false},"excerpt":{"rendered":"<p>Redacci\u00f3n\/Zona Roja Cdmx. Ciudad de M\u00e9xico, 23 de julio de 2022.- Las altas temperaturas, que&hellip;<\/p>\n","protected":false},"author":2,"featured_media":43828,"comment_status":"closed","ping_status":"open","sticky":false,"template":"","format":"standard","meta":{"_lmt_disableupdate":"","_lmt_disable":"","_jetpack_memberships_contains_paid_content":false,"footnotes":""},"categories":[109,47],"tags":[],"class_list":["post-43827","post","type-post","status-publish","format-standard","has-post-thumbnail","hentry","category-minuto-a-minuto","category-zona-gris"],"jetpack_featured_media_url":"https:\/\/zonaroja.com.mx\/wp-content\/uploads\/2022\/07\/Ola-de-calor-Europa.jpeg","jetpack_sharing_enabled":true,"_links":{"self":[{"href":"https:\/\/zonaroja.com.mx\/index.php?rest_route=\/wp\/v2\/posts\/43827","targetHints":{"allow":["GET"]}}],"collection":[{"href":"https:\/\/zonaroja.com.mx\/index.php?rest_route=\/wp\/v2\/posts"}],"about":[{"href":"https:\/\/zonaroja.com.mx\/index.php?rest_route=\/wp\/v2\/types\/post"}],"author":[{"embeddable":true,"href":"https:\/\/zonaroja.com.mx\/index.php?rest_route=\/wp\/v2\/users\/2"}],"replies":[{"embeddable":true,"href":"https:\/\/zonaroja.com.mx\/index.php?rest_route=%2Fwp%2Fv2%2Fcomments&post=43827"}],"version-history":[{"count":1,"href":"https:\/\/zonaroja.com.mx\/index.php?rest_route=\/wp\/v2\/posts\/43827\/revisions"}],"predecessor-version":[{"id":43829,"href":"https:\/\/zonaroja.com.mx\/index.php?rest_route=\/wp\/v2\/posts\/43827\/revisions\/43829"}],"wp:featuredmedia":[{"embeddable":true,"href":"https:\/\/zonaroja.com.mx\/index.php?rest_route=\/wp\/v2\/media\/43828"}],"wp:attachment":[{"href":"https:\/\/zonaroja.com.mx\/index.php?rest_route=%2Fwp%2Fv2%2Fmedia&parent=43827"}],"wp:term":[{"taxonomy":"category","embeddable":true,"href":"https:\/\/zonaroja.com.mx\/index.php?rest_route=%2Fwp%2Fv2%2Fcategories&post=43827"},{"taxonomy":"post_tag","embeddable":true,"href":"https:\/\/zonaroja.com.mx\/index.php?rest_route=%2Fwp%2Fv2%2Ftags&post=43827"}],"curies":[{"name":"wp","href":"https:\/\/api.w.org\/{rel}","templated":true}]}}