{"id":43830,"date":"2022-07-23T08:26:14","date_gmt":"2022-07-23T13:26:14","guid":{"rendered":"http:\/\/www.zonaroja.com.mx\/?p=43830"},"modified":"2022-07-23T08:26:16","modified_gmt":"2022-07-23T13:26:16","slug":"luz-raquel-crimen-de-odio-impune-contra-mujer-a-la-que-prendieron-fuego","status":"publish","type":"post","link":"https:\/\/zonaroja.com.mx\/?p=43830","title":{"rendered":"Luz Raquel: crimen de odio impune contra mujer a la que prendieron fuego"},"content":{"rendered":"\n<p>Redacci\u00f3n\/Zona Roja Cdmx.<\/p>\n\n\n\n<p>Ciudad de M\u00e9xico, 23 de julio de 2022.- Luz Raquel Padilla, de 35 a\u00f1os, fue asesinada el pasado s\u00e1bado en un parque de la colonia Arcos, del municipio de Zapopan, en la zona metropolitana de Guadalajara, la tercera ciudad m\u00e1s poblada de M\u00e9xico, presuntamente por un vecino a quien, de acuerdo con las versiones, le molestaban los ruidos que hac\u00eda su hijo cuando sufr\u00eda crisis por el autismo que padece.<\/p>\n\n\n\n<p>El crimen ha despertado conmoci\u00f3n nacional por su crueldad y porque la mujer hab\u00eda denunciado ante las autoridades durante meses las amenazas de su vecino, Sergio Ismael \u201cN\u201d, quien incluso escribi\u00f3 que la iba a quemar viva en una de las paredes de su hogar.<\/p>\n\n\n\n<p>El presunto agresor fue detenido y presentado en Puente Grande por los delitos de \u201clesiones, amenazas y delitos contra la dignidad de las personas\u201d, derivado de una agresi\u00f3n previa con cloro contra Luz Raquel. Posteriormente fue llevado ante un juez, ante el cual declar\u00f3 que aquella vez la hab\u00eda agredido porque ella hab\u00eda mojado a su perro.<\/p>\n\n\n\n<p>En la audiencia se explic\u00f3 que Sergio Ismael insult\u00f3 y agredi\u00f3 a la mujer que ella, presuntamente de forma accidental, hab\u00eda mojado a su mascota al momento de que se le cay\u00f3 una cubeta de agua. La Fiscal\u00eda de Jalisco se\u00f1al\u00f3 que a la mujer \u201cse le dictaron medidas de protecci\u00f3n, adem\u00e1s de apoyo integral por parte de la unidad especializada\u201d.<\/p>\n\n\n\n<p>Sergio Ismael \u201cN\u201d podr\u00eda ser vinculado a proceso el pr\u00f3ximo martes 26 por la agresi\u00f3n con cloro, m\u00e1s no por la muerte de Luz Raquel Padilla. Todav\u00eda no est\u00e1 acusado de manera formal del delito de feminicidio. Mientras tanto contin\u00faa en prisi\u00f3n preventiva.<\/p>\n\n\n\n<p>\u00c9l y la v\u00edctima eran vecinos, pero ten\u00edan una relaci\u00f3n conflictiva. Los problemas entre ambos pod\u00edan suscitarse por cualquier motivo, ya fuera la m\u00fasica a alto volumen o las crisis que el hijo de Raquel Padilla padec\u00eda por su autismo.<\/p>\n\n\n\n<p>La ma\u00f1ana del jueves, durante su conferencia de prensa diaria, el presidente Andr\u00e9s Manuel L\u00f3pez Obrador responsabiliz\u00f3 al \u201cproceso de individualizaci\u00f3n que se impuls\u00f3 en el periodo neoliberal\u201d del feminicidio de Luz Raquel Padilla.<\/p>\n\n\n\n<p>\u201cSon de los da\u00f1os que caus\u00f3 la pol\u00edtica neoliberal, que no se reflejan en lo que econ\u00f3mico, incluso en lo material (&#8230;) se desintegraron las familias durante todo este periodo, siendo la familia mexicana fundamental, la instituci\u00f3n de mayor importancia social, la instituci\u00f3n de seguridad social m\u00e1s importante de M\u00e9xico\u201d, se\u00f1al\u00f3.<\/p>\n\n\n\n<p>El mismo d\u00eda Luz Raquel Padilla Guti\u00e9rrez fue despedida en una misa de cuerpo presente oficiada por el sacerdote Juan Rubio en la Bas\u00edlica de Nuestra Se\u00f1ora de Zapopan, en Jalisco. Al evento asistieron sus familiares, amistades e integrantes de la colectiva \u201cYo Cuido M\u00e9xico\u201d, a la cual ella pertenec\u00eda.<\/p>\n\n\n\n<p>\u201cEse amor que dedicaste toda tu vida a tu hijo, a tu familia, a tu hermana, tu madre, a todos los que estamos alrededor tuyo y esa ense\u00f1anza nos la vamos a llevar como compromiso de seguir contigo, con esa luz, porque t\u00fa nos vas a guiar, eres la luz de nuestro camino, tenemos que luchar por M\u00e9xico, por todos los que vivimos en esta sociedad que debe de ser igualitaria\u201d, dijo Asela Mura, conocida de Luz Raquel, al finalizar la ceremonia.<\/p>\n\n\n\n<p>El asesinato de Padilla refleja la ola de violencia machista en M\u00e9xico, donde matan a 10 mujeres al d\u00eda entre cr\u00edmenes clasificados como homicidios dolosos y feminicidios.<\/p>\n\n\n\n<p>(Informaci\u00f3n de Infobae)<\/p>\n","protected":false},"excerpt":{"rendered":"<p>Redacci\u00f3n\/Zona Roja Cdmx. Ciudad de M\u00e9xico, 23 de julio de 2022.- Luz Raquel Padilla, de&hellip;<\/p>\n","protected":false},"author":2,"featured_media":43831,"comment_status":"closed","ping_status":"open","sticky":false,"template":"","format":"standard","meta":{"_lmt_disableupdate":"","_lmt_disable":"","_jetpack_memberships_contains_paid_content":false,"footnotes":""},"categories":[109,47],"tags":[3203],"class_list":["post-43830","post","type-post","status-publish","format-standard","has-post-thumbnail","hentry","category-minuto-a-minuto","category-zona-gris","tag-luz-raquel-padilla"],"jetpack_featured_media_url":"https:\/\/zonaroja.com.mx\/wp-content\/uploads\/2022\/07\/Asesinato-feminicidio-Luz-Raquel.jpg","jetpack_sharing_enabled":true,"_links":{"self":[{"href":"https:\/\/zonaroja.com.mx\/index.php?rest_route=\/wp\/v2\/posts\/43830","targetHints":{"allow":["GET"]}}],"collection":[{"href":"https:\/\/zonaroja.com.mx\/index.php?rest_route=\/wp\/v2\/posts"}],"about":[{"href":"https:\/\/zonaroja.com.mx\/index.php?rest_route=\/wp\/v2\/types\/post"}],"author":[{"embeddable":true,"href":"https:\/\/zonaroja.com.mx\/index.php?rest_route=\/wp\/v2\/users\/2"}],"replies":[{"embeddable":true,"href":"https:\/\/zonaroja.com.mx\/index.php?rest_route=%2Fwp%2Fv2%2Fcomments&post=43830"}],"version-history":[{"count":1,"href":"https:\/\/zonaroja.com.mx\/index.php?rest_route=\/wp\/v2\/posts\/43830\/revisions"}],"predecessor-version":[{"id":43832,"href":"https:\/\/zonaroja.com.mx\/index.php?rest_route=\/wp\/v2\/posts\/43830\/revisions\/43832"}],"wp:featuredmedia":[{"embeddable":true,"href":"https:\/\/zonaroja.com.mx\/index.php?rest_route=\/wp\/v2\/media\/43831"}],"wp:attachment":[{"href":"https:\/\/zonaroja.com.mx\/index.php?rest_route=%2Fwp%2Fv2%2Fmedia&parent=43830"}],"wp:term":[{"taxonomy":"category","embeddable":true,"href":"https:\/\/zonaroja.com.mx\/index.php?rest_route=%2Fwp%2Fv2%2Fcategories&post=43830"},{"taxonomy":"post_tag","embeddable":true,"href":"https:\/\/zonaroja.com.mx\/index.php?rest_route=%2Fwp%2Fv2%2Ftags&post=43830"}],"curies":[{"name":"wp","href":"https:\/\/api.w.org\/{rel}","templated":true}]}}