{"id":43834,"date":"2022-07-23T11:00:27","date_gmt":"2022-07-23T16:00:27","guid":{"rendered":"https:\/\/www.zonaroja.com.mx\/?p=43834"},"modified":"2022-07-23T11:00:29","modified_gmt":"2022-07-23T16:00:29","slug":"la-oms-declara-emergencia-internacional-por-viruela-del-mono","status":"publish","type":"post","link":"https:\/\/zonaroja.com.mx\/?p=43834","title":{"rendered":"La OMS declara emergencia internacional por viruela del mono"},"content":{"rendered":"\n<p>Redacci\u00f3n\/Zona Roja Cdmx.<\/p>\n\n\n\n<p>Ciudad de M\u00e9xico, 23 de julio de 2022.- &nbsp;La Organizaci\u00f3n Mundial de la Salud (OMS) activ\u00f3 el s\u00e1bado su m\u00e1ximo nivel de alerta para tratar de contener el brote de&nbsp;<a class=\"article__linkcolor\" href=\"https:\/\/m.dw.com\/es\/eeuu-detecta-primeros-dos-casos-de-viruela-del-mono-en-ni%C3%B1os\/a-62571212\">viruela del mono<\/a>, que ha afectado a casi 17 mil (cinco de ellos mortales) en 75 pa\u00edses, muchos de ellos en Europa, donde la enfermedad no era end\u00e9mica.<\/p>\n\n\n\n<p>La decisi\u00f3n de declarar la emergencia internacional fue anunciada en rueda de prensa por el director general de la OMS, Tedros Adhanom Ghebreyesus, dos d\u00edas despu\u00e9s que un comit\u00e9 de emergencia con expertos en esta enfermedad se reuniera para analizar la posible declaraci\u00f3n, que obligar\u00e1 a las redes sanitarias nacionales a aumentar sus medidas preventivas.<\/p>\n\n\n\n<p><a class=\"article__linkcolor\" href=\"https:\/\/m.dw.com\/es\/comit%C3%A9-de-la-oms-se-reunir%C3%A1-para-decidir-si-declara-emergencia-internacional-por-viruela-del-mono\/a-62476639\">Este comit\u00e9 hab\u00eda optado por no declarar la emergencia<\/a>&nbsp;en una primera reuni\u00f3n celebrada en junio (cuando los caos eran tres mil), y en esta ocasi\u00f3n, seg\u00fan Tedros, tampoco hubo consenso total entre los expertos, pero el director general ha decidido declarar la emergencia en vista del alto y creciente n\u00famero de casos en diversas regiones de todo el planeta, afirmando que el riesgo a nivel mundial es relativamente moderado, salvo en Europa, donde es alto.<\/p>\n\n\n\n<p>(Con informaci\u00f3n de agencias internacionales)<\/p>\n","protected":false},"excerpt":{"rendered":"<p>Redacci\u00f3n\/Zona Roja Cdmx. Ciudad de M\u00e9xico, 23 de julio de 2022.- &nbsp;La Organizaci\u00f3n Mundial de&hellip;<\/p>\n","protected":false},"author":2,"featured_media":43833,"comment_status":"closed","ping_status":"open","sticky":false,"template":"","format":"standard","meta":{"_lmt_disableupdate":"","_lmt_disable":"","_jetpack_memberships_contains_paid_content":false,"footnotes":""},"categories":[109,47],"tags":[],"class_list":["post-43834","post","type-post","status-publish","format-standard","has-post-thumbnail","hentry","category-minuto-a-minuto","category-zona-gris"],"jetpack_featured_media_url":"https:\/\/zonaroja.com.mx\/wp-content\/uploads\/2022\/07\/img_4796.jpg","jetpack_sharing_enabled":true,"_links":{"self":[{"href":"https:\/\/zonaroja.com.mx\/index.php?rest_route=\/wp\/v2\/posts\/43834","targetHints":{"allow":["GET"]}}],"collection":[{"href":"https:\/\/zonaroja.com.mx\/index.php?rest_route=\/wp\/v2\/posts"}],"about":[{"href":"https:\/\/zonaroja.com.mx\/index.php?rest_route=\/wp\/v2\/types\/post"}],"author":[{"embeddable":true,"href":"https:\/\/zonaroja.com.mx\/index.php?rest_route=\/wp\/v2\/users\/2"}],"replies":[{"embeddable":true,"href":"https:\/\/zonaroja.com.mx\/index.php?rest_route=%2Fwp%2Fv2%2Fcomments&post=43834"}],"version-history":[{"count":1,"href":"https:\/\/zonaroja.com.mx\/index.php?rest_route=\/wp\/v2\/posts\/43834\/revisions"}],"predecessor-version":[{"id":43835,"href":"https:\/\/zonaroja.com.mx\/index.php?rest_route=\/wp\/v2\/posts\/43834\/revisions\/43835"}],"wp:featuredmedia":[{"embeddable":true,"href":"https:\/\/zonaroja.com.mx\/index.php?rest_route=\/wp\/v2\/media\/43833"}],"wp:attachment":[{"href":"https:\/\/zonaroja.com.mx\/index.php?rest_route=%2Fwp%2Fv2%2Fmedia&parent=43834"}],"wp:term":[{"taxonomy":"category","embeddable":true,"href":"https:\/\/zonaroja.com.mx\/index.php?rest_route=%2Fwp%2Fv2%2Fcategories&post=43834"},{"taxonomy":"post_tag","embeddable":true,"href":"https:\/\/zonaroja.com.mx\/index.php?rest_route=%2Fwp%2Fv2%2Ftags&post=43834"}],"curies":[{"name":"wp","href":"https:\/\/api.w.org\/{rel}","templated":true}]}}