{"id":43837,"date":"2022-07-23T17:09:42","date_gmt":"2022-07-23T22:09:42","guid":{"rendered":"https:\/\/www.zonaroja.com.mx\/?p=43837"},"modified":"2022-07-23T17:09:43","modified_gmt":"2022-07-23T22:09:43","slug":"ordena-neri-retiro-de-30-obras-en-centro-historico-de-oaxaca-pese-a-permiso","status":"publish","type":"post","link":"https:\/\/zonaroja.com.mx\/?p=43837","title":{"rendered":"Ordena Neri retiro de 30 obras en Centro Hist\u00f3rico de Oaxaca, pese a permiso"},"content":{"rendered":"\n<p>Yuridiana Sosa\/Zona Roja.<\/p>\n\n\n\n<p>Oaxaca de Ju\u00e1rez, Oax., 23 de julio de 2022.- Presuntamente para dar lugar a decenas de nuevos puestos ambulantes, el presidente municipal de Oaxaca de Ju\u00e1rez, Francisco Mart\u00ednez Neri, orden\u00f3 el desalojo de la exposici\u00f3n art\u00edstica en honor al pintor Rufino Tamayo, instalada a un costado del templo de Santo Domingo de Guzm\u00e1n, desde hace nueve meses.<\/p>\n\n\n\n<p>La exposici\u00f3n p\u00fablica, sobre la calle de Gurri\u00f3n, estaba compuesta por 30 obras pict\u00f3ricas sobre estructuras en forma de sand\u00edas, en homenaje a \u201cSand\u00edas\u201d, una de las obras m\u00e1s famosas del oaxaque\u00f1o, de las cuales se desconoce si volver\u00e1n a ser expuestas.<\/p>\n\n\n\n<p>A la vista de turistas, que al mismo tiempo lamentaban el hecho, personal del ayuntamiento capitalino realiz\u00f3 el retiro de las piezas la ma\u00f1ana de este s\u00e1bado, sin mayor aviso por parte de la autoridad municipal, lo que caus\u00f3 molestia entre los artistas expositores.<\/p>\n\n\n\n<p>Los artistas se\u00f1alaron que desde hace varias semanas hab\u00edan realizado diferentes solicitudes al gobierno municipal para permitirles continuar con la exposici\u00f3n, sin embargo, no recibieron respuesta favorable.<\/p>\n\n\n\n<p>Fue hasta la noche de este viernes que les avisaron que las piezas ser\u00edan removidas del lugar.<\/p>\n\n\n\n<figure class=\"wp-block-embed\"><div class=\"wp-block-embed__wrapper\">\n<div class=\"twitter-tweet\"><blockquote class=\"twitter-tweet\" data-lang=\"es\"><p lang=\"es\" dir=\"ltr\"><a href=\"https:\/\/twitter.com\/hashtag\/%C3%9AltimoMinuto?src=hash&amp;ref_src=twsrc%5Etfw\">#\u00daltimoMinuto<\/a> <br>Denuncian artistas pl\u00e1sticos que por \u00f3rdenes del edil <a href=\"https:\/\/twitter.com\/FMartinezNeri?ref_src=twsrc%5Etfw\">@FMartinezNeri<\/a>, personal del <a href=\"https:\/\/twitter.com\/MunicipioOaxaca?ref_src=twsrc%5Etfw\">@MunicipioOaxaca<\/a> retir\u00f3 obras de arte en homenaje a Rufino Tamayo, instaladas en la calle Gurri\u00f3n, Centro Hist\u00f3rico. <br>Espacio lo ocupar\u00edan para m\u00e1s ambulantes.<br>Video: <a href=\"https:\/\/twitter.com\/Betillocruz?ref_src=twsrc%5Etfw\">@Betillocruz<\/a>. <a href=\"https:\/\/t.co\/2LzaIVY17K\">pic.twitter.com\/2LzaIVY17K<\/a><\/p>&mdash; Zona Roja Oaxaca (@ZonaRoja_Oaxaca) <a href=\"https:\/\/twitter.com\/ZonaRoja_Oaxaca\/status\/1550895974775754753?ref_src=twsrc%5Etfw\">23 de julio de 2022<\/a><\/blockquote><\/div>\n<\/div><\/figure>\n\n\n\n<p>De forma extraoficial se dio a conocer que este espacio fue destinado para la instalaci\u00f3n de nuevos puestos ambulantes, lo cual presuntamente la autoridad autoriz\u00f3 desde hace m\u00e1s de un mes, pero no avis\u00f3 a los artistas.<\/p>\n\n\n\n<p>El expositor Abraham Torres se\u00f1al\u00f3 que es un desacierto la decisi\u00f3n de la autoridad y aunque la molestia en tanta que podr\u00edan manifestarse como artistas, prefer\u00edan protestar de otras formas.&nbsp;<\/p>\n\n\n\n<p>Ad\u00e1n Paredes indic\u00f3 que las fiestas de la Guelaguetza era un momento importante para seguir recordando por medio del arte a Rufino Tamayo, quien dej\u00f3 un importante legado en el arte a nivel internacional.<\/p>\n\n\n\n<p> Por otra parte, reconoci\u00f3 la civilidad de la ciudadan\u00eda por conservar en buen estado las obras durante los nueves de exposici\u00f3n en la calle, la cual se instal\u00f3 como homenaje luctuoso por los 30 a\u00f1os del fallecimiento del artista. <\/p>\n\n\n\n<p>Contrario a esa acci\u00f3n, el ayuntamiento capitalino permiti\u00f3 la colocaci\u00f3n de varias estructuras met\u00e1licas del artista Fernando Andriacci, a un costado de la Catedral metropolitana, en la Alameda de Le\u00f3n. <\/p>\n\n\n\n<p>En ese mismo sitio ya se hab\u00eda colocado una supuesta escultura met\u00e1lica, que fue retirada la semana pasada. <\/p>\n","protected":false},"excerpt":{"rendered":"<p>Yuridiana Sosa\/Zona Roja. Oaxaca de Ju\u00e1rez, Oax., 23 de julio de 2022.- Presuntamente para dar&hellip;<\/p>\n","protected":false},"author":2,"featured_media":43836,"comment_status":"closed","ping_status":"open","sticky":false,"template":"","format":"standard","meta":{"_lmt_disableupdate":"","_lmt_disable":"","_jetpack_memberships_contains_paid_content":false,"footnotes":""},"categories":[109,47],"tags":[],"class_list":["post-43837","post","type-post","status-publish","format-standard","has-post-thumbnail","hentry","category-minuto-a-minuto","category-zona-gris"],"jetpack_featured_media_url":"https:\/\/zonaroja.com.mx\/wp-content\/uploads\/2022\/07\/img_4959.jpg","jetpack_sharing_enabled":true,"_links":{"self":[{"href":"https:\/\/zonaroja.com.mx\/index.php?rest_route=\/wp\/v2\/posts\/43837","targetHints":{"allow":["GET"]}}],"collection":[{"href":"https:\/\/zonaroja.com.mx\/index.php?rest_route=\/wp\/v2\/posts"}],"about":[{"href":"https:\/\/zonaroja.com.mx\/index.php?rest_route=\/wp\/v2\/types\/post"}],"author":[{"embeddable":true,"href":"https:\/\/zonaroja.com.mx\/index.php?rest_route=\/wp\/v2\/users\/2"}],"replies":[{"embeddable":true,"href":"https:\/\/zonaroja.com.mx\/index.php?rest_route=%2Fwp%2Fv2%2Fcomments&post=43837"}],"version-history":[{"count":1,"href":"https:\/\/zonaroja.com.mx\/index.php?rest_route=\/wp\/v2\/posts\/43837\/revisions"}],"predecessor-version":[{"id":43838,"href":"https:\/\/zonaroja.com.mx\/index.php?rest_route=\/wp\/v2\/posts\/43837\/revisions\/43838"}],"wp:featuredmedia":[{"embeddable":true,"href":"https:\/\/zonaroja.com.mx\/index.php?rest_route=\/wp\/v2\/media\/43836"}],"wp:attachment":[{"href":"https:\/\/zonaroja.com.mx\/index.php?rest_route=%2Fwp%2Fv2%2Fmedia&parent=43837"}],"wp:term":[{"taxonomy":"category","embeddable":true,"href":"https:\/\/zonaroja.com.mx\/index.php?rest_route=%2Fwp%2Fv2%2Fcategories&post=43837"},{"taxonomy":"post_tag","embeddable":true,"href":"https:\/\/zonaroja.com.mx\/index.php?rest_route=%2Fwp%2Fv2%2Ftags&post=43837"}],"curies":[{"name":"wp","href":"https:\/\/api.w.org\/{rel}","templated":true}]}}