{"id":43842,"date":"2022-07-23T20:34:18","date_gmt":"2022-07-24T01:34:18","guid":{"rendered":"http:\/\/www.zonaroja.com.mx\/?p=43842"},"modified":"2022-07-23T20:34:20","modified_gmt":"2022-07-24T01:34:20","slug":"si-no-los-buscamos-nosotros-nadie-los-va-a-buscar-instalan-tendedero-en-oaxaca","status":"publish","type":"post","link":"https:\/\/zonaroja.com.mx\/?p=43842","title":{"rendered":"\u201cSi no los buscamos nosotros, nadie los va a buscar\u201d; instalan \u201ctendedero\u201d en Oaxaca"},"content":{"rendered":"\n<p>Yuridiana Sosa\/Zona Roja.<\/p>\n\n\n\n<p>Oaxaca de Ju\u00e1rez, Oax., 23 de julio de 2022.- Familiares de personas desaparecidas en Oaxaca, organizadas en el colectivo \u201cOaxaque\u00f1os buscando a los nuestros\u201d, instalaron en el z\u00f3calo de la capital una protesta-kerm\u00e9s para la recaudaci\u00f3n de fondos a fin de seguir con la localizaci\u00f3n de sus hijos, esposos, hermanos, padres, por cuenta propia, ante la omisi\u00f3n de las autoridades.<\/p>\n\n\n\n<p>La presidenta de colectivo, Martha Pablo Cruz, manifest\u00f3 que existe total indiferencia de las autoridades para escuchar su \u00fanica demanda, la b\u00fasqueda y localizaci\u00f3n de los suyos, por lo que deben actuar por cuenta propia.<\/p>\n\n\n\n<p>Apunt\u00f3 que los gobiernos municipales de los lugares donde son originarios o desaparecieron sus familiares, ni el gobierno estatal les han permitido siquiera un encuentro para abordar su situaci\u00f3n.<\/p>\n\n\n\n<p>Ante esa indiferencia son las propias familias las que deben realizar los trabajos de b\u00fasqueda, lo cual implica diversos gastos y por ello a partir de este s\u00e1bado realizar\u00e1n cada 15 d\u00edas una kerm\u00e9s para recaudar fondos, as\u00ed como retomar\u00e1n sus marchas para visibilizar sus casos.<\/p>\n\n\n\n<p>\u201cSi no los buscamos nosotros, nadie los va a buscar\u201d, asever\u00f3 la madre, quien busca a su hijo Jaciel Vladimir, desaparecido desde el 2019 y quien junto con otras cinco familias iniciaron en enero actividades de b\u00fasqueda.<\/p>\n\n\n\n<p>Al paso de menos de seis meses son 16 familias organizadas que buscan al mismo n\u00famero de oaxaque\u00f1os y oaxaque\u00f1as desaparecidos, algunos desde el 2016 y 2017.<\/p>\n\n\n\n<p>Entre los casos m\u00e1s recientes de este a\u00f1o se encuentra el de Cinthia, desaparecida el 8 de julio en San Juan Bautista Guelache, del distrito de Etla.<\/p>\n\n\n\n<p>Tanto en un pasillo del z\u00f3calo como en estructuras met\u00e1licas en el \u00e1rea, colocaron lonas con los nombres de los desaparecidos en la entidad oaxaque\u00f1a.<\/p>\n\n\n\n<p>Asimismo, colocaron durante todo el d\u00eda un puesto de venta de dulces, agua y frituras, a fin de recaudar fondos para sostener su movimiento civil y pac\u00edfico.<\/p>\n\n\n\n<figure class=\"wp-block-embed is-type-rich is-provider-twitter wp-block-embed-twitter\"><div class=\"wp-block-embed__wrapper\">\n<div class=\"twitter-tweet\"><blockquote class=\"twitter-tweet\" data-lang=\"es\"><p lang=\"es\" dir=\"ltr\"><a href=\"https:\/\/twitter.com\/hashtag\/ENVIVO?src=hash&amp;ref_src=twsrc%5Etfw\">#ENVIVO<\/a><br>Oaxaca de Ju\u00e1rez, Oax., 23 de julio de 2022.- En el z\u00f3calo de la ciudad de <a href=\"https:\/\/twitter.com\/hashtag\/Oaxaca?src=hash&amp;ref_src=twsrc%5Etfw\">#Oaxaca<\/a> permanece un \u201ctendedero\u201d para buscar a personas desaparecidas. <br>Aqu\u00ed la transmisi\u00f3n:<br>\ud83d\udc47<a href=\"https:\/\/t.co\/rbMR2niThY\">https:\/\/t.co\/rbMR2niThY<\/a> <a href=\"https:\/\/t.co\/cmAAqsG7eq\">pic.twitter.com\/cmAAqsG7eq<\/a><\/p>&mdash; Zona Roja Oaxaca (@ZonaRoja_Oaxaca) <a href=\"https:\/\/twitter.com\/ZonaRoja_Oaxaca\/status\/1550931094916276231?ref_src=twsrc%5Etfw\">23 de julio de 2022<\/a><\/blockquote><\/div>\n<\/div><\/figure>\n","protected":false},"excerpt":{"rendered":"<p>Yuridiana Sosa\/Zona Roja. Oaxaca de Ju\u00e1rez, Oax., 23 de julio de 2022.- Familiares de personas&hellip;<\/p>\n","protected":false},"author":2,"featured_media":43843,"comment_status":"closed","ping_status":"open","sticky":false,"template":"","format":"standard","meta":{"_lmt_disableupdate":"","_lmt_disable":"","_jetpack_memberships_contains_paid_content":false,"footnotes":""},"categories":[109,47],"tags":[3204],"class_list":["post-43842","post","type-post","status-publish","format-standard","has-post-thumbnail","hentry","category-minuto-a-minuto","category-zona-gris","tag-colectivo-oaxaquenos-buscando-a-los-nuestros"],"jetpack_featured_media_url":"https:\/\/zonaroja.com.mx\/wp-content\/uploads\/2022\/07\/Desaparecidos-Oaxaca-tendedero.jpg","jetpack_sharing_enabled":true,"_links":{"self":[{"href":"https:\/\/zonaroja.com.mx\/index.php?rest_route=\/wp\/v2\/posts\/43842","targetHints":{"allow":["GET"]}}],"collection":[{"href":"https:\/\/zonaroja.com.mx\/index.php?rest_route=\/wp\/v2\/posts"}],"about":[{"href":"https:\/\/zonaroja.com.mx\/index.php?rest_route=\/wp\/v2\/types\/post"}],"author":[{"embeddable":true,"href":"https:\/\/zonaroja.com.mx\/index.php?rest_route=\/wp\/v2\/users\/2"}],"replies":[{"embeddable":true,"href":"https:\/\/zonaroja.com.mx\/index.php?rest_route=%2Fwp%2Fv2%2Fcomments&post=43842"}],"version-history":[{"count":1,"href":"https:\/\/zonaroja.com.mx\/index.php?rest_route=\/wp\/v2\/posts\/43842\/revisions"}],"predecessor-version":[{"id":43844,"href":"https:\/\/zonaroja.com.mx\/index.php?rest_route=\/wp\/v2\/posts\/43842\/revisions\/43844"}],"wp:featuredmedia":[{"embeddable":true,"href":"https:\/\/zonaroja.com.mx\/index.php?rest_route=\/wp\/v2\/media\/43843"}],"wp:attachment":[{"href":"https:\/\/zonaroja.com.mx\/index.php?rest_route=%2Fwp%2Fv2%2Fmedia&parent=43842"}],"wp:term":[{"taxonomy":"category","embeddable":true,"href":"https:\/\/zonaroja.com.mx\/index.php?rest_route=%2Fwp%2Fv2%2Fcategories&post=43842"},{"taxonomy":"post_tag","embeddable":true,"href":"https:\/\/zonaroja.com.mx\/index.php?rest_route=%2Fwp%2Fv2%2Ftags&post=43842"}],"curies":[{"name":"wp","href":"https:\/\/api.w.org\/{rel}","templated":true}]}}