{"id":43848,"date":"2022-07-24T09:36:00","date_gmt":"2022-07-24T14:36:00","guid":{"rendered":"http:\/\/www.zonaroja.com.mx\/?p=43848"},"modified":"2022-07-24T18:36:33","modified_gmt":"2022-07-24T23:36:33","slug":"violenta-edil-de-ayutla-derechos-de-comuneros-para-imponer-acuerdos-con-tamazulapam","status":"publish","type":"post","link":"https:\/\/zonaroja.com.mx\/?p=43848","title":{"rendered":"Violenta edil de Ayutla derechos de comuneros para imponer acuerdos con Tamazul\u00e1pam"},"content":{"rendered":"\n<p>Yuridiana Sosa\/Zona Roja.<\/p>\n\n\n\n<p>Oaxaca de Ju\u00e1rez, Oax., 24 de julio de 2022.- Sin consulta a la asamblea comunitaria, el edil de San Pedro y San Pablo Ayutla, Juan Galv\u00e1n Rojas, sigue imponiendo sus decisiones en los acuerdos sobre los l\u00edmites con Tamazul\u00e1pam del Esp\u00edritu Santo, violentando derechos de los comuneros y propiciando la desestabilidad social.<\/p>\n\n\n\n<p>As\u00ed lo denunci\u00f3&nbsp;ante&nbsp;Laura Morales Ju\u00e1rez, comunera de Ayutla, quien asever\u00f3 que Galv\u00e1n Rojas sostiene un gobierno que va contra los usos y costumbres de la comunidad, pues la poblaci\u00f3n desconoce los supuestos acuerdos a los que lleg\u00f3 con la poblaci\u00f3n vecina para terminar con varias d\u00e9cadas de conflicto.<\/p>\n\n\n\n<p>La afectada apunt\u00f3 que la comunidad desconoc\u00eda sobre la firma que llevar\u00eda a cabo el edil con su hom\u00f3logo de Tamazul\u00e1pam el pasado 10 de junio en Santa Mar\u00eda Huatulco, donde en presencia del presidente Andr\u00e9s Manuel L\u00f3pez Obrador, anunciaron y firmaron los avances alcanzados entre ambas comunidades para lograr la paz en la zona.<\/p>\n\n\n\n<p>Ni antes de esa fecha ni ahora el presidente municipal ha informado de esos avances, lo cual preocupa a unos 23 de los 27 posesionarios de tierras que se ubican sobre las colindancias.<\/p>\n\n\n\n<p>Morales Ju\u00e1rez apunt\u00f3 que la exigencia principal a las autoridades es el respeto a sus tierras, que no haya despojo.<\/p>\n\n\n\n<p>\u201cNo nos oponemos a la disoluci\u00f3n de la mancomunidad, pues es necesario para ambos, es importante que cada quien tenga su comisariado de bienes, pero con lo que no estamos de acuerdo es el despojo de tierras\u201d, destac\u00f3 en su denuncia.<\/p>\n\n\n\n<p>CENSURA Y EVASI\u00d3N<\/p>\n\n\n\n<p>En repetidas asambleas, los comuneros han solicitado al edil informaci\u00f3n sobre el tema, sin embargo, el presidente ha implementado acciones de censura, pues ya no se les permite tomar la palabra para abordar un tema de inter\u00e9s colectivo, o debatirlos.<\/p>\n\n\n\n<p>Incluso personal del presidente ha intentado golpear a los comuneros inconformes cuando tratan de comentar sobre una problem\u00e1tica. Mientras que en otras ocasiones arreglan la mesa de los debates, las votaciones y hasta limita el tiempo de la duraci\u00f3n de las asambleas.<\/p>\n\n\n\n<p>Todo eso, se\u00f1al\u00f3 la mujer, va contra las costumbres de gobierno en la Ayutla, pero ahora, por alguna raz\u00f3n, los habitantes de las agencias municipales tambi\u00e9n temen en alzar la voz.<\/p>\n\n\n\n<p>Esta situaci\u00f3n mantiene a la comunidad en una tensa calma, en la que a\u00fan no se perciben los cambios para acabar con el a\u00f1ejo conflicto de l\u00edmites de tierras.<\/p>\n\n\n\n<p>De acuerdo a la autoridad municipal de Ayutla, en una asamblea se acord\u00f3 en septiembre de 2021 la delimitaci\u00f3n de las l\u00edneas colindantes y el 27 de noviembre de ese mismo a\u00f1o se realizaron los trabajos de brecheo y amojonamiento para definir la posesi\u00f3n y propiedad de los terrenos comunales entre las comunidades de San Pedro y San Pablo Ayutla y Tamazul\u00e1pam del Esp\u00edritu Santo.<\/p>\n","protected":false},"excerpt":{"rendered":"<p>Yuridiana Sosa\/Zona Roja. Oaxaca de Ju\u00e1rez, Oax., 24 de julio de 2022.- Sin consulta a&hellip;<\/p>\n","protected":false},"author":2,"featured_media":9917,"comment_status":"closed","ping_status":"open","sticky":false,"template":"","format":"standard","meta":{"_lmt_disableupdate":"","_lmt_disable":"","_jetpack_memberships_contains_paid_content":false,"footnotes":""},"categories":[109,47],"tags":[356],"class_list":["post-43848","post","type-post","status-publish","format-standard","has-post-thumbnail","hentry","category-minuto-a-minuto","category-zona-gris","tag-conflicto-san-pedro-y-san-pablo-ayutla-y-tamazulapam-del-espiritu-santo"],"jetpack_featured_media_url":"https:\/\/zonaroja.com.mx\/wp-content\/uploads\/2020\/03\/Manantial-Ayutla-Mixe.jpg","jetpack_sharing_enabled":true,"_links":{"self":[{"href":"https:\/\/zonaroja.com.mx\/index.php?rest_route=\/wp\/v2\/posts\/43848","targetHints":{"allow":["GET"]}}],"collection":[{"href":"https:\/\/zonaroja.com.mx\/index.php?rest_route=\/wp\/v2\/posts"}],"about":[{"href":"https:\/\/zonaroja.com.mx\/index.php?rest_route=\/wp\/v2\/types\/post"}],"author":[{"embeddable":true,"href":"https:\/\/zonaroja.com.mx\/index.php?rest_route=\/wp\/v2\/users\/2"}],"replies":[{"embeddable":true,"href":"https:\/\/zonaroja.com.mx\/index.php?rest_route=%2Fwp%2Fv2%2Fcomments&post=43848"}],"version-history":[{"count":3,"href":"https:\/\/zonaroja.com.mx\/index.php?rest_route=\/wp\/v2\/posts\/43848\/revisions"}],"predecessor-version":[{"id":43871,"href":"https:\/\/zonaroja.com.mx\/index.php?rest_route=\/wp\/v2\/posts\/43848\/revisions\/43871"}],"wp:featuredmedia":[{"embeddable":true,"href":"https:\/\/zonaroja.com.mx\/index.php?rest_route=\/wp\/v2\/media\/9917"}],"wp:attachment":[{"href":"https:\/\/zonaroja.com.mx\/index.php?rest_route=%2Fwp%2Fv2%2Fmedia&parent=43848"}],"wp:term":[{"taxonomy":"category","embeddable":true,"href":"https:\/\/zonaroja.com.mx\/index.php?rest_route=%2Fwp%2Fv2%2Fcategories&post=43848"},{"taxonomy":"post_tag","embeddable":true,"href":"https:\/\/zonaroja.com.mx\/index.php?rest_route=%2Fwp%2Fv2%2Ftags&post=43848"}],"curies":[{"name":"wp","href":"https:\/\/api.w.org\/{rel}","templated":true}]}}