{"id":43850,"date":"2022-07-24T10:00:00","date_gmt":"2022-07-24T15:00:00","guid":{"rendered":"http:\/\/www.zonaroja.com.mx\/?p=43850"},"modified":"2022-07-24T07:04:26","modified_gmt":"2022-07-24T12:04:26","slug":"suman-12-personas-desaparecidas-en-una-semana-en-oaxaca","status":"publish","type":"post","link":"https:\/\/zonaroja.com.mx\/?p=43850","title":{"rendered":"Suman 12 personas desaparecidas en una semana en Oaxaca"},"content":{"rendered":"\n<p>Redacci\u00f3n\/Zona. Roja.<\/p>\n\n\n\n<p>Oaxaca de Ju\u00e1rez, Oax., 24 de julio de 2022.- En el transcurso de una semana se sumaron en Oaxaca 12 nuevos casos de personas que permanecen en calidad de desaparecidas.<\/p>\n\n\n\n<p>La Fiscal\u00eda General de Oaxaca, por medio de la Unidad de B\u00fasqueda de Personas Desaparecidas y No Localizadas, emiti\u00f3 alertas para encontrar a ocho mujeres, entre ellas ni\u00f1as y adolescentes, y a cuatro varones, uno de ellos un menor de edad.<\/p>\n\n\n\n<p>La m\u00e1s reciente ficha se emiti\u00f3 ayer s\u00e1bado, bajo la modalidad de \u201cAlerta \u00c1mbar\u201d por la desaparici\u00f3n de Anette Z\u00fa\u00f1iga Malpica, de 17 a\u00f1os de edad, el 21 de julio en San Juan Bautista Tuxtepec.<\/p>\n\n\n\n<p>En los casos vigentes se encuentra el de Paula Ameli Flores Pacheco, de 14 a\u00f1os, vista por \u00faltima vez el 20 de julio en el Fraccionamiento Yagul, de Tlacolula de Matamoros.<\/p>\n\n\n\n<p>Marisela Bernardino Dami\u00e1n, de 39 a\u00f1os, desapareci\u00f3 junto con sus dos hijas, Marely Mart\u00ednez Bernardino de 12 a\u00f1os y Mayt\u00e9 Mart\u00ednez Bernardino de 15 a\u00f1os.<\/p>\n\n\n\n<p>Ellas fueron vistas el 4 de julio en la localidad de La Selva Segunda, del municipio de Acatl\u00e1n de P\u00e9rez Figueroa.<\/p>\n\n\n\n<p>Por medio de la emisi\u00f3n de una \u201cAlerta Rosa\u201d, se pide la colaboraci\u00f3n para encontrar a Alondra Paola Sandoval Ram\u00edrez, de 15 a\u00f1os, vista desde el pasado 10 de julio en la calle Emiliano Zapata, del municipio de Animas Trujano.<\/p>\n\n\n\n<p>Kamyla Toledo Pin, de 16 a\u00f1os, fue vista por \u00faltima vez el d\u00eda 11 de julio en el Barrio Santa Mar\u00eda, de Santo Domingo Tehuantepec. Mientras que Yesli Tello L\u00f3pez, de 15 a\u00f1os, desapareci\u00f3 el 17 de julio en Huajuapan de Le\u00f3n.<\/p>\n\n\n\n<p>Entre los casos reciente de varones, se encuentra Gerardo Flores L\u00f3pez, de 37 a\u00f1os, a quien vieron por \u00faltima vez el 15 junio en San Francisco Telixtlahuaca; tambi\u00e9n el de Valeriano Ram\u00edrez Contreras, de 86 a\u00f1os, fue visto por \u00faltima vez el 15 de julio en la colonia Fresno, Teotitl\u00e1n de Flores Mag\u00f3n.<\/p>\n\n\n\n<p>Las autoridades tambi\u00e9n piden colaboraci\u00f3n para encontrar a Jacinto Garc\u00eda Ortiz, conocido como \u201cWindu Sindu\u201d, de 30 a\u00f1os, desaparecido el 11 de julio en Mier y Ter\u00e1n de Tlaxiaco.<\/p>\n\n\n\n<p>As\u00ed como se emiti\u00f3 una ficha para localizar a Bryant Eduardo Salgado Ju\u00e1rez de 15 a\u00f1os, visto por \u00faltima vez el 11 de julio en la colonia Guadalupe, del municipio de Teotitl\u00e1n de Flores Mag\u00f3n.<\/p>\n","protected":false},"excerpt":{"rendered":"<p>Redacci\u00f3n\/Zona. Roja. Oaxaca de Ju\u00e1rez, Oax., 24 de julio de 2022.- En el transcurso de&hellip;<\/p>\n","protected":false},"author":2,"featured_media":43851,"comment_status":"closed","ping_status":"open","sticky":false,"template":"","format":"standard","meta":{"_lmt_disableupdate":"","_lmt_disable":"","_jetpack_memberships_contains_paid_content":false,"footnotes":""},"categories":[109,47],"tags":[455],"class_list":["post-43850","post","type-post","status-publish","format-standard","has-post-thumbnail","hentry","category-minuto-a-minuto","category-zona-gris","tag-mujeres-desaparecidas-oaxaca"],"jetpack_featured_media_url":"https:\/\/zonaroja.com.mx\/wp-content\/uploads\/2022\/07\/Desaparecidas-Oaxaca.jpg","jetpack_sharing_enabled":true,"_links":{"self":[{"href":"https:\/\/zonaroja.com.mx\/index.php?rest_route=\/wp\/v2\/posts\/43850","targetHints":{"allow":["GET"]}}],"collection":[{"href":"https:\/\/zonaroja.com.mx\/index.php?rest_route=\/wp\/v2\/posts"}],"about":[{"href":"https:\/\/zonaroja.com.mx\/index.php?rest_route=\/wp\/v2\/types\/post"}],"author":[{"embeddable":true,"href":"https:\/\/zonaroja.com.mx\/index.php?rest_route=\/wp\/v2\/users\/2"}],"replies":[{"embeddable":true,"href":"https:\/\/zonaroja.com.mx\/index.php?rest_route=%2Fwp%2Fv2%2Fcomments&post=43850"}],"version-history":[{"count":1,"href":"https:\/\/zonaroja.com.mx\/index.php?rest_route=\/wp\/v2\/posts\/43850\/revisions"}],"predecessor-version":[{"id":43852,"href":"https:\/\/zonaroja.com.mx\/index.php?rest_route=\/wp\/v2\/posts\/43850\/revisions\/43852"}],"wp:featuredmedia":[{"embeddable":true,"href":"https:\/\/zonaroja.com.mx\/index.php?rest_route=\/wp\/v2\/media\/43851"}],"wp:attachment":[{"href":"https:\/\/zonaroja.com.mx\/index.php?rest_route=%2Fwp%2Fv2%2Fmedia&parent=43850"}],"wp:term":[{"taxonomy":"category","embeddable":true,"href":"https:\/\/zonaroja.com.mx\/index.php?rest_route=%2Fwp%2Fv2%2Fcategories&post=43850"},{"taxonomy":"post_tag","embeddable":true,"href":"https:\/\/zonaroja.com.mx\/index.php?rest_route=%2Fwp%2Fv2%2Ftags&post=43850"}],"curies":[{"name":"wp","href":"https:\/\/api.w.org\/{rel}","templated":true}]}}