{"id":43856,"date":"2022-07-24T11:37:00","date_gmt":"2022-07-24T16:37:00","guid":{"rendered":"http:\/\/www.zonaroja.com.mx\/?p=43856"},"modified":"2022-07-24T07:39:05","modified_gmt":"2022-07-24T12:39:05","slug":"viruela-del-mono-se-extiende-a-nueve-estados-de-mexico","status":"publish","type":"post","link":"https:\/\/zonaroja.com.mx\/?p=43856","title":{"rendered":"Viruela del mono se extiende a nueve estados de M\u00e9xico"},"content":{"rendered":"\n<p>Redacci\u00f3n\/Zona Roja Cdmx.<\/p>\n\n\n\n<p>Ciudad de M\u00e9xico, 24 de julio de 2022.- Mientras que ayer la Organizaci\u00f3n Mundial de la Salud (OMS) declar\u00f3 a la viruela del mono como emergencia internacional, en M\u00e9xico el padecimiento se extiende ya a nueve entidades.<\/p>\n\n\n\n<p>Este es el recuento que hace el diario \u201cEl Financiero\u201d respecto a lo contagios existentes en el pa\u00eds:<\/p>\n\n\n\n<p>Quintana Roo<\/p>\n\n\n\n<p>El Instituto de Diagn\u00f3stico y Referencia Epidemiol\u00f3gicos (Indre) notific\u00f3 este lunes 18 de julio la confirmaci\u00f3n del primer caso de viruela del mono en<\/p>\n\n\n\n<p>Se trata de un paciente masculino mayor de edad, quien solicit\u00f3 atenci\u00f3n m\u00e9dica en el estado el 11 de julio pasado, despu\u00e9s de presentar s\u00edntomas como lesi\u00f3n de piel (exantema), febr\u00edcula, dolor de cabeza (cefalea) y dolor muscular (mialgias).<\/p>\n\n\n\n<p>Tabasco<\/p>\n\n\n\n<p>El Instituto de Diagn\u00f3stico y Referencia Epidemiol\u00f3gicos (InDRE) confirm\u00f3 la noche de este viernes 23 de julio el primer caso de viruela s\u00edmica en Tabasco, siendo la d\u00e9cima entidad con reporte de la enfermedad.<\/p>\n\n\n\n<p>De acuerdo con la notificaci\u00f3n emitida por el InDre al estado, con fecha de 21 de julio, se trata de un masculino mayor de edad.<\/p>\n\n\n\n<p>Asimismo, la Secretar\u00eda de Salud de Tabasco, precis\u00f3 que el paciente se encuentra estable y en resguardo domiciliario.<\/p>\n\n\n\n<p>Nuevo Le\u00f3n<\/p>\n\n\n\n<p>Nuevo Le\u00f3n confirm\u00f3 el martes 19 de julio el segundo caso de viruela del mono, el cual corresponde a un hombre de quien se dijo se encuentra estable y en aislamiento domiciliario.<\/p>\n\n\n\n<p>En un informe, la Secretar\u00eda de Salud del estado indic\u00f3 que el paciente recibe tratamiento y ninguno de sus contactos ha presentado s\u00edntomas.<\/p>\n\n\n\n<p>Adem\u00e1s, revel\u00f3 que actualmente se tienen dos casos en estudios, \u201ccuyas pruebas ya fueron enviadas al Instituto de Diagn\u00f3stico y Referencia (INDRE) para su an\u00e1lisis\u201d, se lee en el comunicado.<\/p>\n\n\n\n<p>Sinaloa<\/p>\n\n\n\n<p>Este s\u00e1bado 16 de julio fue confirmado el primer caso de la viruela del mono en Sinaloa. Se trata de un hombre que hace dos semanas viaj\u00f3 a la Ciudad de M\u00e9xico y a Guadalajara.<\/p>\n\n\n\n<p>La persona infectada regres\u00f3 a Sinaloa el pasado 3 de julio; sin embargo, los primeros s\u00edntomas se manifestaron hasta el d\u00eda 11 de julio, por lo que el hombre decidi\u00f3 aislarse.<\/p>\n\n\n\n<p>Ciudad de M\u00e9xico<\/p>\n\n\n\n<p>De acuerdo a las cifras de la Secretar\u00eda de Salud, de los 35 casos en M\u00e9xico, 22 se encuentran en la Ciudad de M\u00e9xico.<\/p>\n\n\n\n<p>Veracruz<\/p>\n\n\n\n<p>El 11 de julio se present\u00f3 el primer caso registrado de viruela del mono, el cual fue detectado dentro de un hospital particular en Veracruz.<\/p>\n\n\n\n<p>El director del Hospital Espa\u00f1ol, Antonio Ramos De la Medina, inform\u00f3 a trav\u00e9s de sus redes sociales que el caso se registr\u00f3 en el Puerto de Veracruz y que se trata de un caso importado.<\/p>\n\n\n\n<p>\u201cEsta semana el Departamento de Epidemiolog\u00eda y Enfermedades Infecciosas del Hospital Espa\u00f1ol de Veracruz (HE) identific\u00f3 el primer caso corroborado de viruela s\u00edmica en el Estado de Veracruz\u201d, indic\u00f3.<\/p>\n\n\n\n<p>Colima<\/p>\n\n\n\n<p>El 9 de julio la Secretar\u00eda de Salud de Colima confirm\u00f3 el primer caso viruela del mono. Como antecedente epidemiol\u00f3gico, la mujer tuvo contacto con una persona proveniente de Jalisco y con otra que recientemente viaj\u00f3 a Estados Unidos, ambos contactos sin s\u00edntomas aparentes, ni lesiones visibles.<\/p>\n\n\n\n<p>Jalisco<\/p>\n\n\n\n<p>La Secretar\u00eda de Salud de Jalisco confirm\u00f3 este viernes 8 de julio otro caso de la viruela del mono en la entidad, por lo que ya suman 10 contagios en la entidad.<\/p>\n\n\n\n<p>Se trata de un hombre, de 61 a\u00f1os, originario de Canad\u00e1 y con residencia temporal en el municipio de Puerto Vallarta. El paciente comenz\u00f3 con s\u00edntomas el pasado 1 de julio, cuando present\u00f3 faringitis, fiebre, dolor muscular, cefalea y lesiones supurativas en la piel.<\/p>\n\n\n\n<p>Estado de M\u00e9xico<\/p>\n\n\n\n<p>El 6 de julio se inform\u00f3 de al menos los dos primeros casos de la llamada viruela del mono, tambi\u00e9n conocida como viruela s\u00edmica, fueron detectados en habitantes del Estado de M\u00e9xico, se\u00f1alaron fuentes de la Secretar\u00eda de salud mexiquense.<\/p>\n\n\n\n<p>Tras confirmar los casos, las autoridades sanitarias estatales detallaron este mi\u00e9rcoles que se trata de dos hombres; uno de 30 a\u00f1os de edad y otro de 41. Uno de ellos cuenta con antecedentes de un viaje internacional a Austria.<\/p>\n\n\n\n<p>(Informaci\u00f3n de \u201cEl Financiero\u201d)<\/p>\n","protected":false},"excerpt":{"rendered":"<p>Redacci\u00f3n\/Zona Roja Cdmx. Ciudad de M\u00e9xico, 24 de julio de 2022.- Mientras que ayer la&hellip;<\/p>\n","protected":false},"author":2,"featured_media":42245,"comment_status":"closed","ping_status":"open","sticky":false,"template":"","format":"standard","meta":{"_lmt_disableupdate":"","_lmt_disable":"","_jetpack_memberships_contains_paid_content":false,"footnotes":""},"categories":[109,47],"tags":[3161],"class_list":["post-43856","post","type-post","status-publish","format-standard","has-post-thumbnail","hentry","category-minuto-a-minuto","category-zona-gris","tag-viruela-del-mono"],"jetpack_featured_media_url":"https:\/\/zonaroja.com.mx\/wp-content\/uploads\/2022\/06\/Viruela-del-mono-monkey.jpeg","jetpack_sharing_enabled":true,"_links":{"self":[{"href":"https:\/\/zonaroja.com.mx\/index.php?rest_route=\/wp\/v2\/posts\/43856","targetHints":{"allow":["GET"]}}],"collection":[{"href":"https:\/\/zonaroja.com.mx\/index.php?rest_route=\/wp\/v2\/posts"}],"about":[{"href":"https:\/\/zonaroja.com.mx\/index.php?rest_route=\/wp\/v2\/types\/post"}],"author":[{"embeddable":true,"href":"https:\/\/zonaroja.com.mx\/index.php?rest_route=\/wp\/v2\/users\/2"}],"replies":[{"embeddable":true,"href":"https:\/\/zonaroja.com.mx\/index.php?rest_route=%2Fwp%2Fv2%2Fcomments&post=43856"}],"version-history":[{"count":1,"href":"https:\/\/zonaroja.com.mx\/index.php?rest_route=\/wp\/v2\/posts\/43856\/revisions"}],"predecessor-version":[{"id":43857,"href":"https:\/\/zonaroja.com.mx\/index.php?rest_route=\/wp\/v2\/posts\/43856\/revisions\/43857"}],"wp:featuredmedia":[{"embeddable":true,"href":"https:\/\/zonaroja.com.mx\/index.php?rest_route=\/wp\/v2\/media\/42245"}],"wp:attachment":[{"href":"https:\/\/zonaroja.com.mx\/index.php?rest_route=%2Fwp%2Fv2%2Fmedia&parent=43856"}],"wp:term":[{"taxonomy":"category","embeddable":true,"href":"https:\/\/zonaroja.com.mx\/index.php?rest_route=%2Fwp%2Fv2%2Fcategories&post=43856"},{"taxonomy":"post_tag","embeddable":true,"href":"https:\/\/zonaroja.com.mx\/index.php?rest_route=%2Fwp%2Fv2%2Ftags&post=43856"}],"curies":[{"name":"wp","href":"https:\/\/api.w.org\/{rel}","templated":true}]}}