{"id":43861,"date":"2022-07-24T08:02:47","date_gmt":"2022-07-24T13:02:47","guid":{"rendered":"http:\/\/www.zonaroja.com.mx\/?p=43861"},"modified":"2022-07-24T08:02:49","modified_gmt":"2022-07-24T13:02:49","slug":"se-llenan-las-calles-de-fiesta-con-convite-en-visperas-de-primer-lunes-del-cerro","status":"publish","type":"post","link":"https:\/\/zonaroja.com.mx\/?p=43861","title":{"rendered":"Se llenan las calles de fiesta con convite, en v\u00edsperas de primer Lunes del Cerro"},"content":{"rendered":"\n<p>Redacci\u00f3n\/Zona Roja.<\/p>\n\n\n\n<p>Oaxaca de Ju\u00e1rez, Oax., 24 de julio de 2022.- El Centro Hist\u00f3rico de Oaxaca se llen\u00f3 ayer de m\u00fasica, folclore y alegr\u00eda durante el convite del Primer Lunes del Cerro conformado por las 22 delegaciones que desde el Auditorio Guelaguetza, mostrar\u00e1n este 25 de julio parte de la riqueza cultural de Oaxaca ante el mundo.&nbsp;<\/p>\n\n\n\n<p>Tras dos a\u00f1os de pandemia, el sonido de la chirim\u00eda -que en algunos pueblos anuncia sus festividades- se volvi\u00f3 a escuchar por las principales calles de la ciudad, para invitar junto a la Diosa Centeotl, representada este a\u00f1o por la joven, Jacsenic Maybeth Rodas Gonz\u00e1lez, originaria de Santo Domingo Tehuantepec, a las y los oaxaque\u00f1os, as\u00ed como a quienes est\u00e1n de visita por la entidad, a disfrutar de la m\u00e1xima fiesta de las y los oaxaque\u00f1os.<\/p>\n\n\n\n<p>En esta fiesta, el gobernador Alejandro Murat Hinojosa y su esposa, la presidenta honoraria del Sistema DIF Oaxaca, Ivette Mor\u00e1n de Murat, bailaron y convivieron con todas las y los oaxaque\u00f1os que representan a las delegaciones participantes al son de los jarabe del Valle y Ejuteco, as\u00ed como al ritmo de los sones Mazatecos, como s\u00edmbolo de la unidad que distingue al pueblo de Oaxaca.&nbsp;<\/p>\n\n\n\n<p>Tambi\u00e9n en compa\u00f1\u00eda de autoridades del municipio de Oaxaca de Ju\u00e1rez, Murat Hinojosa y Mor\u00e1n de Murat contagiaron de alegr\u00eda a su paso y compartieron su emoci\u00f3n a las personas que se abarrotaron en las calles, desde sus ventanas y terrazas, para apreciar esta muestra de expresi\u00f3n cultural.<\/p>\n\n\n\n<p>\u00abHoy Oaxaca est\u00e1 de fiesta y ha vuelto con su Guelaguetza para dar y compartir con el mundo, como en otras ocasiones, su alegr\u00eda y pasi\u00f3n por su gente y su tierra. Estamos orgullosos y nos sentimos muy contentos de estar de regreso con nuestra m\u00e1xima fiesta. Nuevamente el coraz\u00f3n de Oaxaca de siente y vibra\u00bb, expres\u00f3 el gobernador Alejandro Murat.<\/p>\n\n\n\n<p>En este encuentro, que representa la antesala de los Lunes del Cerro en la Rotonda de la Azucena, los pueblos originarios de las ocho regiones de la entidad, dieron muestra de la riqueza cultural que posee Oaxaca y M\u00e9xico.<\/p>\n\n\n\n<p>As\u00ed, entre cohetones y acompa\u00f1ados de la Banda de M\u00fasica de la Secretar\u00eda de Seguridad P\u00fablica, y sus propias bandas de m\u00fasica de viento, cada delegaci\u00f3n comparti\u00f3 sus danzas y tradiciones.<\/p>\n\n\n\n<figure class=\"wp-block-embed is-type-rich is-provider-twitter wp-block-embed-twitter\"><div class=\"wp-block-embed__wrapper\">\n<div class=\"twitter-tweet\"><blockquote class=\"twitter-tweet\" data-lang=\"es\"><p lang=\"es\" dir=\"ltr\">\ud83d\udc4f\ud83d\udc4f\ud83d\udc4f\ud83d\udc4f\ud83d\udc4f<br>Con calles de la capital rebosadas de oaxaque\u00f1os y visitantes, as\u00ed se vivi\u00f3 ayer el convite de la <a href=\"https:\/\/twitter.com\/hashtag\/Guelaguetza2022?src=hash&amp;ref_src=twsrc%5Etfw\">#Guelaguetza2022<\/a>, preludio del primer Lunes del Cerro, ma\u00f1ana en el auditorio del cerro del \u201cFort\u00edn\u201d. <a href=\"https:\/\/t.co\/pQhQLRJF5t\">pic.twitter.com\/pQhQLRJF5t<\/a><\/p>&mdash; Zona Roja Oaxaca (@ZonaRoja_Oaxaca) <a href=\"https:\/\/twitter.com\/ZonaRoja_Oaxaca\/status\/1551183467018346498?ref_src=twsrc%5Etfw\">24 de julio de 2022<\/a><\/blockquote><\/div>\n<\/div><figcaption>a<\/figcaption><\/figure>\n\n\n\n<p>\u00a1Viva Oaxaca!, \u00a1Viva su Guelaguetza!, fueron algunos de los gritos que se escucharon durante el recorrido en el que las personas tambi\u00e9n, entre aplausos y gritos de jubilo aprovecharon para tomarse fotos y compartir el momento desde sus celulares a trav\u00e9s de sus redes sociales.<\/p>\n\n\n\n<p>Las Chinas Oaxaque\u00f1as con sus marmotas y monos de calenda gigantes, bailaron con sus canastas floreadas sobre sus cabezas al ritmo del Jarabe del Valle. Tambi\u00e9n lo hicieron San Antonino Castillo Velazco y Ocotl\u00e1n de Morelos.<\/p>\n\n\n\n<p>A este convite tambi\u00e9n llegaron los de la Heroica Ciudad de Ejutla de Crespo con su Jarabe Ejuteco; y de la Mixteca deslumbraron los diablos de San Sebasti\u00e1n Tecomaxtlahuaca, y el Jarabe Mixteco tambi\u00e9n se escuch\u00f3 con la delegaci\u00f3n de la Heroica Ciudad de Huajuapan de Le\u00f3n.<\/p>\n\n\n\n<p>La Flor de Pi\u00f1a de San Juan Bautista Tuxtepec y la Danza de la Pluma de Villa de Zaachila y Cuilapam de Guerrero, tambi\u00e9n emocionaron a las personas.<\/p>\n\n\n\n<p>Santiago Pinotepa Nacional y Santos Reyes Nopala, zapatearon por las calles de la ciudad al ritmo coste\u00f1o de sus chilenas, y los sones istme\u00f1os se hicieron presentes con las delegaciones de San Francisco del Mar, San Pedro Comitancillo, Salina Cruz y San Blas Atempa quienes vistieron sus trajes de gala.<\/p>\n\n\n\n<p>En este mosaico musical tambi\u00e9n participaron las delegaciones de Villa Sola de Vega, Loma Bonita, Huautla de Jim\u00e9nez, San Sebasti\u00e1n Tutla, San Andr\u00e9s Huaxpaltepec y Santa Mar\u00eda Zacatepec mostraron sus zones.<\/p>\n\n\n\n<p>Pueblos de Oaxaca refrendan lazos de hermandad en la tradicional Comida de la Hermandad<\/p>\n\n\n\n<p>Previo a este desfile, el gobernador Alejandro Murat Hinojosa y su esposa, la presidenta honoraria del Sistema DIF Oaxaca, Ivette Mor\u00e1n de Murat, convivieron con las y los integrantes de las delegaciones que participar\u00e1n en el Primer Lunes del Cerro, en la tradicional Comida de la Hermandad que se llev\u00f3 a cabo en el Sal\u00f3n Dionisus.&nbsp;<\/p>\n\n\n\n<p>En este encuentro de amena convivencia, el Mandatario Oaxaque\u00f1o agradeci\u00f3 la presencia de las delegaciones participantes, las cuales -dijo- son poseedoras de una cultura \u00fanica milenaria, al tiempo de reconocerles por mantener viva y compartir sus tradiciones en lo que hoy es considerada la fiesta \u00e9tnica m\u00e1s grande Am\u00e9rica Latina.<\/p>\n\n\n\n<p>De esta manera, las 22 delegaciones que este lunes 25 de julio compartir\u00e1n sus danzas y tradiciones desde la Rotonda de la Azucena, compartieron el pan y la sal, y dieron muestra de solidaridad y uni\u00f3n que distingue a los pueblos de Oaxaca.<\/p>\n","protected":false},"excerpt":{"rendered":"<p>Redacci\u00f3n\/Zona Roja. Oaxaca de Ju\u00e1rez, Oax., 24 de julio de 2022.- El Centro Hist\u00f3rico de&hellip;<\/p>\n","protected":false},"author":2,"featured_media":43862,"comment_status":"closed","ping_status":"open","sticky":false,"template":"","format":"standard","meta":{"_lmt_disableupdate":"","_lmt_disable":"","_jetpack_memberships_contains_paid_content":false,"footnotes":""},"categories":[109,46],"tags":[2787],"class_list":["post-43861","post","type-post","status-publish","format-standard","has-post-thumbnail","hentry","category-minuto-a-minuto","category-zona-blanca","tag-guelaguetza-oaxaca"],"jetpack_featured_media_url":"https:\/\/zonaroja.com.mx\/wp-content\/uploads\/2022\/07\/Convite-Oaxaca-desfile-Guelaguetza.jpg","jetpack_sharing_enabled":true,"_links":{"self":[{"href":"https:\/\/zonaroja.com.mx\/index.php?rest_route=\/wp\/v2\/posts\/43861","targetHints":{"allow":["GET"]}}],"collection":[{"href":"https:\/\/zonaroja.com.mx\/index.php?rest_route=\/wp\/v2\/posts"}],"about":[{"href":"https:\/\/zonaroja.com.mx\/index.php?rest_route=\/wp\/v2\/types\/post"}],"author":[{"embeddable":true,"href":"https:\/\/zonaroja.com.mx\/index.php?rest_route=\/wp\/v2\/users\/2"}],"replies":[{"embeddable":true,"href":"https:\/\/zonaroja.com.mx\/index.php?rest_route=%2Fwp%2Fv2%2Fcomments&post=43861"}],"version-history":[{"count":1,"href":"https:\/\/zonaroja.com.mx\/index.php?rest_route=\/wp\/v2\/posts\/43861\/revisions"}],"predecessor-version":[{"id":43863,"href":"https:\/\/zonaroja.com.mx\/index.php?rest_route=\/wp\/v2\/posts\/43861\/revisions\/43863"}],"wp:featuredmedia":[{"embeddable":true,"href":"https:\/\/zonaroja.com.mx\/index.php?rest_route=\/wp\/v2\/media\/43862"}],"wp:attachment":[{"href":"https:\/\/zonaroja.com.mx\/index.php?rest_route=%2Fwp%2Fv2%2Fmedia&parent=43861"}],"wp:term":[{"taxonomy":"category","embeddable":true,"href":"https:\/\/zonaroja.com.mx\/index.php?rest_route=%2Fwp%2Fv2%2Fcategories&post=43861"},{"taxonomy":"post_tag","embeddable":true,"href":"https:\/\/zonaroja.com.mx\/index.php?rest_route=%2Fwp%2Fv2%2Ftags&post=43861"}],"curies":[{"name":"wp","href":"https:\/\/api.w.org\/{rel}","templated":true}]}}