{"id":43864,"date":"2022-07-24T16:54:20","date_gmt":"2022-07-24T21:54:20","guid":{"rendered":"http:\/\/www.zonaroja.com.mx\/?p=43864"},"modified":"2022-07-24T16:54:25","modified_gmt":"2022-07-24T21:54:25","slug":"latente-conflicto-coatlan-sola-de-vega-que-mantiene-parada-supercarretera","status":"publish","type":"post","link":"https:\/\/zonaroja.com.mx\/?p=43864","title":{"rendered":"Latente, conflicto Coatl\u00e1n-Sola de Vega, que mantiene parada supercarretera"},"content":{"rendered":"\n<p>Redacci\u00f3n\/Zona Roja.<\/p>\n\n\n\n<p>Oaxaca de Ju\u00e1rez, Oax., 24 de julio de 2022.- A m\u00e1s de un a\u00f1o que el Presidente Andr\u00e9s Manuel L\u00f3pez Obrador se comprometi\u00f3 a intervenir para zanjar el conflicto entre San Vicente Coatl\u00e1n y Villa Sola de Vega, a\u00fan no hay soluci\u00f3n.<\/p>\n\n\n\n<p>Y ello ha impactado en que el tramo de la supercarretera Oaxaca-Costa, en el tramo de Coatl\u00e1n, siga paralizado, por lo cual esa v\u00eda r\u00e1pida no se concluir\u00e1 este a\u00f1o, seg\u00fan han reconocido autoridades estatales y federales.<\/p>\n\n\n\n<p>La tarde de ayer, en el Palacio de Gobierno se efectu\u00f3 una reuni\u00f3n de trabajo entre ambas partes, que fue encabezada por el director del Instituto Nacional de Pueblos Ind\u00edgenas (INPI), Adelfo Regino Montes, y el gobernador Alejandro Murat Hinojosa.<\/p>\n\n\n\n<p>En un comunicado, el INPI inform\u00f3 que \u201cel di\u00e1logo y la conciliaci\u00f3n son la v\u00eda para alcanzar la paz duradera entre los municipios de Villa Sola de Vega y San Vicente Coatl\u00e1n, de la Sierra Sur del estado de Oaxaca, que viven un conflicto agrario y social desde hace d\u00e9cadas.<\/p>\n\n\n\n<p>\u201cAl encabezar una mesa de trabajo en el Palacio de Gobierno de la capital oaxaque\u00f1a, el director General del Instituto Nacional de los Pueblos Ind\u00edgenas (INPI), Adelfo Regino Montes, convoc\u00f3 a mantener una tregua respetuosa entre las partes para poder avanzar en el proceso de paz\u201d.<\/p>\n\n\n\n<p>Tras ello, lo \u00fanico que se instal\u00f3 fue una mesa t\u00e9cnica para definir una soluci\u00f3n de fondo al conflicto agrario y social que enfrentan ambos municipios.<\/p>\n\n\n\n<figure class=\"wp-block-embed is-type-rich is-provider-twitter wp-block-embed-twitter\"><div class=\"wp-block-embed__wrapper\">\n<div class=\"twitter-tweet\"><blockquote class=\"twitter-tweet\" data-lang=\"es\"><p lang=\"es\" dir=\"ltr\">Nuestro camino es el di\u00e1logo, la construcci\u00f3n de acuerdos y la reconciliaci\u00f3n entre los pueblos!<br><br>Reconozco la voluntad de las Autoridades de Sola de Vega y San Vicente Coatl\u00e1n para instalar una Mesa T\u00e9cnica a fin de construir la soluci\u00f3n del conflicto social agrario. <a href=\"https:\/\/t.co\/XKEfeS15ol\">pic.twitter.com\/XKEfeS15ol<\/a><\/p>&mdash; Adelfo Regino Montes (@DEELAYUUK) <a href=\"https:\/\/twitter.com\/DEELAYUUK\/status\/1551265995641311235?ref_src=twsrc%5Etfw\">24 de julio de 2022<\/a><\/blockquote><\/div>\n<\/div><\/figure>\n\n\n\n<p>\u201cEn el acta de acuerdos las autoridades ind\u00edgenas se comprometieron a mantener la paz y distensionar la zona del conflicto y a instalar una mesa t\u00e9cnica con la participaci\u00f3n federal y estatal, que permita encontrar soluciones concretas al conflicto agrario y social\u201d, inform\u00f3 el INPI.<\/p>\n\n\n\n<p>Adelfo Regino refiri\u00f3 que existe la propuesta presidencial de aportar una contraprestaci\u00f3n econ\u00f3mica para beneficio de ambas comunidades, con el esp\u00edritu de agilizar los acuerdos de paz y que cedan en la cuesti\u00f3n de la tierra, para cesar con los enfrentamientos y las hostilidades.<\/p>\n\n\n\n<p>\u00abNo hay ning\u00fan l\u00edmite en la cuesti\u00f3n de los esfuerzos y los recursos para dar una soluci\u00f3n de fondo a esta tem\u00e1tica; para el gobierno de M\u00e9xico la soluci\u00f3n de cualquier problema debe de ser integral\u00bb, recalc\u00f3 ante los presidentes municipales de San Vicente Coatl\u00e1n y Villa Sola de Vega, Dominguito Antonio Antonio e Iv\u00e1n Quir\u00f3z Mart\u00ednez, respectivamente.<\/p>\n\n\n\n<p>\u201cVamos a promover acciones de desarrollo en ambos municipios, independientemente de la contraprestaci\u00f3n por el conflicto lim\u00edtrofe, recalc\u00f3.<\/p>\n\n\n\n<p>Y dijo que habr\u00e1 una atenci\u00f3n especial a las familias desplazadas, que se han visto afectadas en la zona de conflicto\u201d.<\/p>\n\n\n\n<p>Ante representantes de la Procuradur\u00eda Agraria (PA), el Registro Agrario Nacional (RAN) y de la Junta Local de Conciliaci\u00f3n Agraria de Oaxaca, las partes acordaron que en la mesa t\u00e9cnica se podr\u00e1n establecer las coordenadas espec\u00edficas de las tierras que se pretenden destinar a cada uno de los pueblos hermanos.<\/p>\n\n\n\n<p>Las autoridades de San Vicente Coatl\u00e1n plantearon en esta jornada de di\u00e1logo que el pol\u00edgono en disputa se pueda repartir en 50 por ciento para cada municipio, de ah\u00ed que los t\u00e9cnicos en materia agraria en la mesa t\u00e9cnica tendr\u00e1n que definir concretamente cu\u00e1l ser\u00eda el territorio de cada comunidad.<\/p>\n","protected":false},"excerpt":{"rendered":"<p>Redacci\u00f3n\/Zona Roja. Oaxaca de Ju\u00e1rez, Oax., 24 de julio de 2022.- A m\u00e1s de un&hellip;<\/p>\n","protected":false},"author":2,"featured_media":43865,"comment_status":"closed","ping_status":"open","sticky":false,"template":"","format":"standard","meta":{"_lmt_disableupdate":"","_lmt_disable":"","_jetpack_memberships_contains_paid_content":false,"footnotes":""},"categories":[109,47],"tags":[979],"class_list":["post-43864","post","type-post","status-publish","format-standard","has-post-thumbnail","hentry","category-minuto-a-minuto","category-zona-gris","tag-san-vicente-coatlan"],"jetpack_featured_media_url":"https:\/\/zonaroja.com.mx\/wp-content\/uploads\/2022\/07\/Reunion-INPI-caso-Coatlan-y-Sola-de-Vega.jpg","jetpack_sharing_enabled":true,"_links":{"self":[{"href":"https:\/\/zonaroja.com.mx\/index.php?rest_route=\/wp\/v2\/posts\/43864","targetHints":{"allow":["GET"]}}],"collection":[{"href":"https:\/\/zonaroja.com.mx\/index.php?rest_route=\/wp\/v2\/posts"}],"about":[{"href":"https:\/\/zonaroja.com.mx\/index.php?rest_route=\/wp\/v2\/types\/post"}],"author":[{"embeddable":true,"href":"https:\/\/zonaroja.com.mx\/index.php?rest_route=\/wp\/v2\/users\/2"}],"replies":[{"embeddable":true,"href":"https:\/\/zonaroja.com.mx\/index.php?rest_route=%2Fwp%2Fv2%2Fcomments&post=43864"}],"version-history":[{"count":1,"href":"https:\/\/zonaroja.com.mx\/index.php?rest_route=\/wp\/v2\/posts\/43864\/revisions"}],"predecessor-version":[{"id":43866,"href":"https:\/\/zonaroja.com.mx\/index.php?rest_route=\/wp\/v2\/posts\/43864\/revisions\/43866"}],"wp:featuredmedia":[{"embeddable":true,"href":"https:\/\/zonaroja.com.mx\/index.php?rest_route=\/wp\/v2\/media\/43865"}],"wp:attachment":[{"href":"https:\/\/zonaroja.com.mx\/index.php?rest_route=%2Fwp%2Fv2%2Fmedia&parent=43864"}],"wp:term":[{"taxonomy":"category","embeddable":true,"href":"https:\/\/zonaroja.com.mx\/index.php?rest_route=%2Fwp%2Fv2%2Fcategories&post=43864"},{"taxonomy":"post_tag","embeddable":true,"href":"https:\/\/zonaroja.com.mx\/index.php?rest_route=%2Fwp%2Fv2%2Ftags&post=43864"}],"curies":[{"name":"wp","href":"https:\/\/api.w.org\/{rel}","templated":true}]}}