{"id":43872,"date":"2022-07-25T07:30:00","date_gmt":"2022-07-25T12:30:00","guid":{"rendered":"http:\/\/www.zonaroja.com.mx\/?p=43872"},"modified":"2022-07-24T21:01:21","modified_gmt":"2022-07-25T02:01:21","slug":"en-ultima-semana-3360-contagios-de-covid-en-oaxaca-hay-4504-casos-activos","status":"publish","type":"post","link":"https:\/\/zonaroja.com.mx\/?p=43872","title":{"rendered":"En \u00faltima semana, 3,360 contagios de Covid en Oaxaca; hay 4,504 casos activos"},"content":{"rendered":"\n<p>Redacci\u00f3n\/Zona Roja.<\/p>\n\n\n\n<p>Oaxaca de Ju\u00e1rez, Oax., 25 de junio de 2022.- Los Servicios de Salud de Oaxaca (SSO) informaron que durante el per\u00edodo comprendido del 17 al 23 de julio la entidad registr\u00f3 un acumulado de 136 mil 116 casos confirmados del virus SARS-CoV-2, de los cuales tres mil 360 se contabilizaron en estos \u00faltimos siete d\u00edas.<\/p>\n\n\n\n<p>Durante el resumen semanal de la situaci\u00f3n epidemiol\u00f3gica actual de la pandemia por Covid-19, la dependencia precis\u00f3 que, el global de defunciones lleg\u00f3 a las seis mil 255 p\u00e9rdidas de vidas humanas. Hay adem\u00e1s cuatro mil 504 casos activos.<\/p>\n\n\n\n<p>En tanto, en el per\u00edodo que se informa se notificaron 12 lamentables decesos a causa de esta patolog\u00eda respiratoria y el promedio de ocupaci\u00f3n hospitalaria fue de 19.3%; hay 266 pacientes hospitalizados y quedan 61 camas disponibles en \u00e1rea de atenci\u00f3n al Covid.<\/p>\n\n\n\n<p>La instituci\u00f3n invit\u00f3 a las mam\u00e1s, pap\u00e1s y tutores de ni\u00f1as y ni\u00f1os de 5 a 11 a\u00f1os, para que los registren en el portal \u201cMi Vacuna\u00bb de la Secretar\u00eda de Salud Federal y reciban el biol\u00f3gico; a quienes ya los registraron, los convoc\u00f3 a que acudan a los puntos activos del sector Salud para que sean vacunados.<\/p>\n\n\n\n<p>Adem\u00e1s, enfatiz\u00f3 que es necesario seguir con los protocolos sanitarios vigentes, como el uso correcto del cubrebocas, el lavado de manos frecuente con agua y jab\u00f3n o soluciones alcoholadas al 70%, mantener la sana distancia y priorizar lugares abiertos y con buena ventilaci\u00f3n.<\/p>\n","protected":false},"excerpt":{"rendered":"<p>Redacci\u00f3n\/Zona Roja. Oaxaca de Ju\u00e1rez, Oax., 25 de junio de 2022.- Los Servicios de Salud&hellip;<\/p>\n","protected":false},"author":2,"featured_media":43873,"comment_status":"closed","ping_status":"open","sticky":false,"template":"","format":"standard","meta":{"_lmt_disableupdate":"","_lmt_disable":"","_jetpack_memberships_contains_paid_content":false,"footnotes":""},"categories":[109,47],"tags":[1512],"class_list":["post-43872","post","type-post","status-publish","format-standard","has-post-thumbnail","hentry","category-minuto-a-minuto","category-zona-gris","tag-coronavirus-oaxaca"],"jetpack_featured_media_url":"https:\/\/zonaroja.com.mx\/wp-content\/uploads\/2022\/07\/Gente-Covid-centro-ciudad-Oaxaca.jpg","jetpack_sharing_enabled":true,"_links":{"self":[{"href":"https:\/\/zonaroja.com.mx\/index.php?rest_route=\/wp\/v2\/posts\/43872","targetHints":{"allow":["GET"]}}],"collection":[{"href":"https:\/\/zonaroja.com.mx\/index.php?rest_route=\/wp\/v2\/posts"}],"about":[{"href":"https:\/\/zonaroja.com.mx\/index.php?rest_route=\/wp\/v2\/types\/post"}],"author":[{"embeddable":true,"href":"https:\/\/zonaroja.com.mx\/index.php?rest_route=\/wp\/v2\/users\/2"}],"replies":[{"embeddable":true,"href":"https:\/\/zonaroja.com.mx\/index.php?rest_route=%2Fwp%2Fv2%2Fcomments&post=43872"}],"version-history":[{"count":1,"href":"https:\/\/zonaroja.com.mx\/index.php?rest_route=\/wp\/v2\/posts\/43872\/revisions"}],"predecessor-version":[{"id":43874,"href":"https:\/\/zonaroja.com.mx\/index.php?rest_route=\/wp\/v2\/posts\/43872\/revisions\/43874"}],"wp:featuredmedia":[{"embeddable":true,"href":"https:\/\/zonaroja.com.mx\/index.php?rest_route=\/wp\/v2\/media\/43873"}],"wp:attachment":[{"href":"https:\/\/zonaroja.com.mx\/index.php?rest_route=%2Fwp%2Fv2%2Fmedia&parent=43872"}],"wp:term":[{"taxonomy":"category","embeddable":true,"href":"https:\/\/zonaroja.com.mx\/index.php?rest_route=%2Fwp%2Fv2%2Fcategories&post=43872"},{"taxonomy":"post_tag","embeddable":true,"href":"https:\/\/zonaroja.com.mx\/index.php?rest_route=%2Fwp%2Fv2%2Ftags&post=43872"}],"curies":[{"name":"wp","href":"https:\/\/api.w.org\/{rel}","templated":true}]}}