{"id":43877,"date":"2022-07-25T08:09:37","date_gmt":"2022-07-25T13:09:37","guid":{"rendered":"http:\/\/www.zonaroja.com.mx\/?p=43877"},"modified":"2022-07-25T08:09:39","modified_gmt":"2022-07-25T13:09:39","slug":"localizan-en-tijuana-a-adolescente-desaparecida-en-tuxtepec","status":"publish","type":"post","link":"https:\/\/zonaroja.com.mx\/?p=43877","title":{"rendered":"Localizan en Tijuana a adolescente desaparecida en Tuxtepec"},"content":{"rendered":"\n<p>Redacci\u00f3n\/Zona Roja Cdmx.<\/p>\n\n\n\n<p>Ciudad de M\u00e9xico, 25 de agosto de 2022.- En un operativo, la Fiscal\u00eda General del Estado de Baja California (FGE) localiz\u00f3 a la adolescente Anette Z\u00fa\u00f1iga&nbsp;Malpica, por quien se activ\u00f3 una \u201cAlerta Amber\u201d a nivel nacional tras establecerse que posiblemente viajar\u00eda procedente de Oaxaca.&nbsp;<\/p>\n\n\n\n<p>Fue necesario que se implementara un operativo de revisi\u00f3n a camiones de carga y pasajeros.&nbsp;<\/p>\n\n\n\n<p>Los elementos de la Agencia Estatal de Investigaci\u00f3n (AEI) instalaron un filtro de inspecci\u00f3n en la caseta de cuota Tijuana-Tecate.&nbsp;<\/p>\n\n\n\n<p>En el reporte de la desaparici\u00f3n de la adolescente, se inform\u00f3 que sospechaban viajar\u00eda de Tuxtepec, Oaxaca, a esta ciudad fronteriza, indic\u00f3 la FGE en un comunicado.&nbsp;<\/p>\n\n\n\n<p>Fue la tarde del s\u00e1bado cuando el personal de la AEI de la Unidad de B\u00fasqueda de Personas ubic\u00f3 a la menor en el filtro de inspecci\u00f3n. Viajaba al fondo de un autob\u00fas de pasajeros de color azul.&nbsp;<\/p>\n\n\n\n<p>Cuando le solicitaron una identificaci\u00f3n, mostr\u00f3 \u201cuna credencial escolar con fotograf\u00eda y nombre completo, siendo de dicha manera que se confirm\u00f3 se trataba de la menor reportada en la alerta Amber\u201d, detall\u00f3 la FGE.&nbsp;<\/p>\n\n\n\n<p>La adolescente se encuentra sana y salva; ser\u00e1 entregada a las autoridades de Oaxaca, con quienes se coordinaron sus hom\u00f3logos para su b\u00fasqueda y localizaci\u00f3n, indic\u00f3 la FGE.&nbsp;<\/p>\n\n\n\n<p>(Informaci\u00f3n de \u201cMilenio\u201d)<\/p>\n","protected":false},"excerpt":{"rendered":"<p>Redacci\u00f3n\/Zona Roja Cdmx. Ciudad de M\u00e9xico, 25 de agosto de 2022.- En un operativo, la&hellip;<\/p>\n","protected":false},"author":2,"featured_media":43878,"comment_status":"closed","ping_status":"open","sticky":false,"template":"","format":"standard","meta":{"_lmt_disableupdate":"","_lmt_disable":"","_jetpack_memberships_contains_paid_content":false,"footnotes":""},"categories":[109,47],"tags":[],"class_list":["post-43877","post","type-post","status-publish","format-standard","has-post-thumbnail","hentry","category-minuto-a-minuto","category-zona-gris"],"jetpack_featured_media_url":"https:\/\/zonaroja.com.mx\/wp-content\/uploads\/2022\/07\/Menor-desaparecida-Tuxtepec-Tijuana.jpg","jetpack_sharing_enabled":true,"_links":{"self":[{"href":"https:\/\/zonaroja.com.mx\/index.php?rest_route=\/wp\/v2\/posts\/43877","targetHints":{"allow":["GET"]}}],"collection":[{"href":"https:\/\/zonaroja.com.mx\/index.php?rest_route=\/wp\/v2\/posts"}],"about":[{"href":"https:\/\/zonaroja.com.mx\/index.php?rest_route=\/wp\/v2\/types\/post"}],"author":[{"embeddable":true,"href":"https:\/\/zonaroja.com.mx\/index.php?rest_route=\/wp\/v2\/users\/2"}],"replies":[{"embeddable":true,"href":"https:\/\/zonaroja.com.mx\/index.php?rest_route=%2Fwp%2Fv2%2Fcomments&post=43877"}],"version-history":[{"count":1,"href":"https:\/\/zonaroja.com.mx\/index.php?rest_route=\/wp\/v2\/posts\/43877\/revisions"}],"predecessor-version":[{"id":43879,"href":"https:\/\/zonaroja.com.mx\/index.php?rest_route=\/wp\/v2\/posts\/43877\/revisions\/43879"}],"wp:featuredmedia":[{"embeddable":true,"href":"https:\/\/zonaroja.com.mx\/index.php?rest_route=\/wp\/v2\/media\/43878"}],"wp:attachment":[{"href":"https:\/\/zonaroja.com.mx\/index.php?rest_route=%2Fwp%2Fv2%2Fmedia&parent=43877"}],"wp:term":[{"taxonomy":"category","embeddable":true,"href":"https:\/\/zonaroja.com.mx\/index.php?rest_route=%2Fwp%2Fv2%2Fcategories&post=43877"},{"taxonomy":"post_tag","embeddable":true,"href":"https:\/\/zonaroja.com.mx\/index.php?rest_route=%2Fwp%2Fv2%2Ftags&post=43877"}],"curies":[{"name":"wp","href":"https:\/\/api.w.org\/{rel}","templated":true}]}}