{"id":4388,"date":"2019-09-29T08:04:51","date_gmt":"2019-09-29T13:04:51","guid":{"rendered":"http:\/\/www.zonaroja.com.mx\/?p=4388"},"modified":"2019-09-29T08:04:54","modified_gmt":"2019-09-29T13:04:54","slug":"feministas-vandalizan-templo-historico-y-queman-bandera-nacional","status":"publish","type":"post","link":"https:\/\/zonaroja.com.mx\/?p=4388","title":{"rendered":"Feministas vandalizan templo hist\u00f3rico y queman Bandera Nacional"},"content":{"rendered":"\n<p>Redacci\u00f3n\/Zona Roja.<\/p>\n\n\n\n<p>Oaxaca de Ju\u00e1rez, Oax., 29 de septiembre\nde 2019.- La marcha de organizaciones feministas, entre ellas \u201cMarea Verde\u201d,\nderiv\u00f3 en vandalismo en diversos inmuebles p\u00fablicos, entre ellos un templo\ncolonial del Centro Hist\u00f3rico de la ciudad de Oaxaca.<\/p>\n\n\n\n<p>Asimismo, la quema de una Bandera Nacional,\nfrente a las oficinas centrales de los Servicios de Salud de Oaxaca, adem\u00e1s de\nagredir a un comunicador identificado como Hernando Mart\u00ednez, cuando cubr\u00eda la\nmanifestaci\u00f3n.<\/p>\n\n\n\n<p>En el marco del D\u00eda de Acci\u00f3n Global por el Acceso al Aborto Legal y Seguro, en la entidad, cientos de mujeres se concentraron en el Parque del Amor de la ciudad capital, para de ah\u00ed partir en marcha por el Perif\u00e9rico e ingresar hacia el Centro; en el trayecto pintaron bardas y se confrontaron con ciudadanos y comerciantes que les reclamaron sus acciones.<\/p>\n\n\n\n<figure class=\"wp-block-embed-twitter wp-block-embed is-type-rich is-provider-twitter\"><div class=\"wp-block-embed__wrapper\">\n<div class=\"twitter-tweet\"><blockquote class=\"twitter-tweet\" data-lang=\"es\"><p lang=\"es\" dir=\"ltr\">Durante su marcha de ayer por la tarde, feministas vandalizaron el templo de San Cosme y San Dami\u00e1n, un inmueble hist\u00f3rico ubicado en el centro de la ciudad de <a href=\"https:\/\/twitter.com\/hashtag\/Oaxaca?src=hash&amp;ref_src=twsrc%5Etfw\">#Oaxaca<\/a>. <br>Video: Especial <a href=\"https:\/\/t.co\/Ie0MLWTKh0\">pic.twitter.com\/Ie0MLWTKh0<\/a><\/p>&mdash; Zona Roja Oaxaca (@MexRoja) <a href=\"https:\/\/twitter.com\/MexRoja\/status\/1178293618584571904?ref_src=twsrc%5Etfw\">29 de septiembre de 2019<\/a><\/blockquote><\/div>\n<\/div><\/figure>\n\n\n\n<p>Al grito de \u201c\u00a1Saquen sus rosarios de\nnuestros ovarios!\u201d, en la esquina de avenida Independencia con J. P. Garc\u00eda, dos\nde ellas, cubiertas del rostro, ingresaron al templo de San Cosme y San Dami\u00e1n,\npara realizar unas pintas; luego encararon al sacrist\u00e1n, quien opt\u00f3 por cerrar\nlas puertas.<\/p>\n\n\n\n<p>Las mujeres pintarrajearon escalinatas y\nmuros de cantera, as\u00ed como las puertas de madera, con letreros como \u201cT\u00fa saliste\nde mi \u00fatero\u201d.<\/p>\n\n\n\n<p>El templo de San Cosme y San Dami\u00e1n es un inmueble hist\u00f3rico catalogado y fue construido en la segunda mitad del siglo XVI, anexo al hospital de San Cosme y San Dami\u00e1n, denominado tambi\u00e9n Hospital Real, lo que hoy son oficinas centrales de los Servicios de Salud.<\/p>\n\n\n\n<p>La idea de su realizaci\u00f3n surgi\u00f3 ante la\nnecesidad de que enfermos y convalecientes tuvieran un lugar de oraci\u00f3n y, al\nmismo tiempo, pudieran o\u00edr misa. Poco antes de la puesta en vigor de la Ley de\nDesamortizaci\u00f3n de Bienes del Clero, el hospital fue clausurado y vendido a\nparticulares hacia 1860. Al encontrarse en ruinas, a fines del siglo XIX, el\narzobispo Gillow procur\u00f3 su restauraci\u00f3n total. <\/p>\n\n\n\n<p>En 1945, el edificio pas\u00f3 a ser propiedad del estado, y el templo, que por mucho tiempo estuvo cerrado, volvi\u00f3 a abrirse al culto. Cada 27 de septiembre se celebra el d\u00eda de San Cosme y San Dami\u00e1n. El templo no posee atrio, y se asemeja al conjunto de casas que lo rodean. Tampoco cuenta con crucero, b\u00f3vedas, mucho menos con portada formal o campanarios.<\/p>\n\n\n\n<figure class=\"wp-block-embed-twitter wp-block-embed is-type-rich is-provider-twitter\"><div class=\"wp-block-embed__wrapper\">\n<div class=\"twitter-tweet\"><blockquote class=\"twitter-tweet\" data-lang=\"es\"><p lang=\"es\" dir=\"ltr\">Durante su marcha de la tarde de este s\u00e1bado, organizaciones feministas, como \u201cMarea Verde\u201d, vandalizaron algunos inmuebles y frente a las oficinas de los <a href=\"https:\/\/twitter.com\/SSO_GobOax?ref_src=twsrc%5Etfw\">@SSO_GobOax<\/a> quemaron una bandera mexicana. <br>Video: Cortes\u00eda <a href=\"https:\/\/t.co\/ChO2Yd91Qj\">pic.twitter.com\/ChO2Yd91Qj<\/a><\/p>&mdash; Zona Roja Oaxaca (@MexRoja) <a href=\"https:\/\/twitter.com\/MexRoja\/status\/1178140260250853378?ref_src=twsrc%5Etfw\">29 de septiembre de 2019<\/a><\/blockquote><\/div>\n<\/div><\/figure>\n\n\n\n<p>En el sitio anexo &#8211;que tambi\u00e9n\nvandalizaron&#8211;, sede de los Servicios de Salud, una de las voceras, tambi\u00e9n\ncubierta del rostro, ley\u00f2 un documento:<\/p>\n\n\n\n<p>\u201cEstamos aqu\u00ed, en las oficinas de los\nServicios de Salud, porque repudiamos los comentarios vertidos recientemente,\nindicando que no hay condiciones para realizar legrados.<\/p>\n\n\n\n<p>\u201cEsto nos parece un pretexto inadmisible\nque refleja la falta absoluta de conocimiento respecto a los protocolos de\naborto. Capac\u00edtense m\u00e9dicos y m\u00e9dicos, salgan de su zona de confort. Queremos\nun gremio a la altura de los retos que enfrentamos actualmente\u201d.<\/p>\n\n\n\n<p>La manifestaci\u00f3n se disolvi\u00f3 una vez que lleg\u00f3 al z\u00f3calo de la capital. Las autoridades del ayuntamiento de Oaxaca de Ju\u00e1rez, no han emitido un reporte respecto de las manifestaciones.<\/p>\n\n\n\n<figure class=\"wp-block-embed-twitter wp-block-embed is-type-rich is-provider-twitter\"><div class=\"wp-block-embed__wrapper\">\n<div class=\"twitter-tweet\"><blockquote class=\"twitter-tweet\" data-lang=\"es\"><p lang=\"es\" dir=\"ltr\">En el marco del D\u00eda de Acci\u00f3n Global por el Acceso al Aborto Legal y Seguro, mujeres agrupadas en la \u201cMarea Verde\u201d, realizan una marcha en calles de la ciudad de <a href=\"https:\/\/twitter.com\/hashtag\/Oaxaca?src=hash&amp;ref_src=twsrc%5Etfw\">#Oaxaca<\/a>. <a href=\"https:\/\/t.co\/dcZIRpgcSI\">pic.twitter.com\/dcZIRpgcSI<\/a><\/p>&mdash; Zona Roja Oaxaca (@MexRoja) <a href=\"https:\/\/twitter.com\/MexRoja\/status\/1178078856256905216?ref_src=twsrc%5Etfw\">28 de septiembre de 2019<\/a><\/blockquote><\/div>\n<\/div><\/figure>\n","protected":false},"excerpt":{"rendered":"<p>Redacci\u00f3n\/Zona Roja. Oaxaca de Ju\u00e1rez, Oax., 29 de septiembre de 2019.- La marcha de organizaciones&hellip;<\/p>\n","protected":false},"author":2,"featured_media":4389,"comment_status":"closed","ping_status":"open","sticky":false,"template":"","format":"standard","meta":{"_lmt_disableupdate":"","_lmt_disable":"","_jetpack_memberships_contains_paid_content":false,"footnotes":""},"categories":[109,47],"tags":[786],"class_list":["post-4388","post","type-post","status-publish","format-standard","has-post-thumbnail","hentry","category-minuto-a-minuto","category-zona-gris","tag-marcha-marea-verde-oaxaca"],"jetpack_featured_media_url":"https:\/\/zonaroja.com.mx\/wp-content\/uploads\/2019\/09\/1ed887ff-d176-4b8b-b898-00ae7d9d67f5.jpg","jetpack_sharing_enabled":true,"_links":{"self":[{"href":"https:\/\/zonaroja.com.mx\/index.php?rest_route=\/wp\/v2\/posts\/4388","targetHints":{"allow":["GET"]}}],"collection":[{"href":"https:\/\/zonaroja.com.mx\/index.php?rest_route=\/wp\/v2\/posts"}],"about":[{"href":"https:\/\/zonaroja.com.mx\/index.php?rest_route=\/wp\/v2\/types\/post"}],"author":[{"embeddable":true,"href":"https:\/\/zonaroja.com.mx\/index.php?rest_route=\/wp\/v2\/users\/2"}],"replies":[{"embeddable":true,"href":"https:\/\/zonaroja.com.mx\/index.php?rest_route=%2Fwp%2Fv2%2Fcomments&post=4388"}],"version-history":[{"count":1,"href":"https:\/\/zonaroja.com.mx\/index.php?rest_route=\/wp\/v2\/posts\/4388\/revisions"}],"predecessor-version":[{"id":4390,"href":"https:\/\/zonaroja.com.mx\/index.php?rest_route=\/wp\/v2\/posts\/4388\/revisions\/4390"}],"wp:featuredmedia":[{"embeddable":true,"href":"https:\/\/zonaroja.com.mx\/index.php?rest_route=\/wp\/v2\/media\/4389"}],"wp:attachment":[{"href":"https:\/\/zonaroja.com.mx\/index.php?rest_route=%2Fwp%2Fv2%2Fmedia&parent=4388"}],"wp:term":[{"taxonomy":"category","embeddable":true,"href":"https:\/\/zonaroja.com.mx\/index.php?rest_route=%2Fwp%2Fv2%2Fcategories&post=4388"},{"taxonomy":"post_tag","embeddable":true,"href":"https:\/\/zonaroja.com.mx\/index.php?rest_route=%2Fwp%2Fv2%2Ftags&post=4388"}],"curies":[{"name":"wp","href":"https:\/\/api.w.org\/{rel}","templated":true}]}}