{"id":43880,"date":"2022-07-25T08:20:25","date_gmt":"2022-07-25T13:20:25","guid":{"rendered":"http:\/\/www.zonaroja.com.mx\/?p=43880"},"modified":"2022-07-25T08:20:26","modified_gmt":"2022-07-25T13:20:26","slug":"registra-la-ciudad-de-oaxaca-otro-asesinato","status":"publish","type":"post","link":"https:\/\/zonaroja.com.mx\/?p=43880","title":{"rendered":"Registra la ciudad de Oaxaca otro asesinato&nbsp;"},"content":{"rendered":"\n<p>Redacci\u00f3n\/Zona Roja.<\/p>\n\n\n\n<p>Oaxaca de Ju\u00e1rez, Oax., 25 de julio de 2022.- Un en\u00e9simo asesinato con disparos de arma de fuego se registr\u00f3 en la ciudad de Oaxaca.<\/p>\n\n\n\n<p>Ocurri\u00f3 la madrugada de este domingo en el barrio El Progreso de la agencia de San Juan Chapultepec, en que personas desconocidas ultimaron a balazos a un individuo.<\/p>\n\n\n\n<p>La v\u00edctima fue identificada de manera preliminar como Carlos Ren\u00e9 R. C., de aproximadamente 37 a\u00f1os de edad, y presentaba un disparo de arma de fuego en una mejilla.<\/p>\n\n\n\n<p>La polic\u00eda municipal de Oaxaca de Ju\u00e1rez, al mando del secretario de Seguridad, lleg\u00f3 tarde al sitio por lo que no pudo detener a ninguna persona.<\/p>\n\n\n\n<p>La Fiscal\u00eda General del Estado de Oaxaca inici\u00f3 las indagatorias correspondientes para dar con el o los responsables de este crimen.<\/p>\n","protected":false},"excerpt":{"rendered":"<p>Redacci\u00f3n\/Zona Roja. Oaxaca de Ju\u00e1rez, Oax., 25 de julio de 2022.- Un en\u00e9simo asesinato con&hellip;<\/p>\n","protected":false},"author":2,"featured_media":30407,"comment_status":"closed","ping_status":"open","sticky":false,"template":"","format":"standard","meta":{"_lmt_disableupdate":"","_lmt_disable":"","_jetpack_memberships_contains_paid_content":false,"footnotes":""},"categories":[109,47],"tags":[148],"class_list":["post-43880","post","type-post","status-publish","format-standard","has-post-thumbnail","hentry","category-minuto-a-minuto","category-zona-gris","tag-oaxaca-de-juarez"],"jetpack_featured_media_url":"https:\/\/zonaroja.com.mx\/wp-content\/uploads\/2021\/08\/Escena-del-crimen-homicidio-violencia.jpg","jetpack_sharing_enabled":true,"_links":{"self":[{"href":"https:\/\/zonaroja.com.mx\/index.php?rest_route=\/wp\/v2\/posts\/43880","targetHints":{"allow":["GET"]}}],"collection":[{"href":"https:\/\/zonaroja.com.mx\/index.php?rest_route=\/wp\/v2\/posts"}],"about":[{"href":"https:\/\/zonaroja.com.mx\/index.php?rest_route=\/wp\/v2\/types\/post"}],"author":[{"embeddable":true,"href":"https:\/\/zonaroja.com.mx\/index.php?rest_route=\/wp\/v2\/users\/2"}],"replies":[{"embeddable":true,"href":"https:\/\/zonaroja.com.mx\/index.php?rest_route=%2Fwp%2Fv2%2Fcomments&post=43880"}],"version-history":[{"count":1,"href":"https:\/\/zonaroja.com.mx\/index.php?rest_route=\/wp\/v2\/posts\/43880\/revisions"}],"predecessor-version":[{"id":43881,"href":"https:\/\/zonaroja.com.mx\/index.php?rest_route=\/wp\/v2\/posts\/43880\/revisions\/43881"}],"wp:featuredmedia":[{"embeddable":true,"href":"https:\/\/zonaroja.com.mx\/index.php?rest_route=\/wp\/v2\/media\/30407"}],"wp:attachment":[{"href":"https:\/\/zonaroja.com.mx\/index.php?rest_route=%2Fwp%2Fv2%2Fmedia&parent=43880"}],"wp:term":[{"taxonomy":"category","embeddable":true,"href":"https:\/\/zonaroja.com.mx\/index.php?rest_route=%2Fwp%2Fv2%2Fcategories&post=43880"},{"taxonomy":"post_tag","embeddable":true,"href":"https:\/\/zonaroja.com.mx\/index.php?rest_route=%2Fwp%2Fv2%2Ftags&post=43880"}],"curies":[{"name":"wp","href":"https:\/\/api.w.org\/{rel}","templated":true}]}}