{"id":43882,"date":"2022-07-25T15:49:29","date_gmt":"2022-07-25T20:49:29","guid":{"rendered":"http:\/\/www.zonaroja.com.mx\/?p=43882"},"modified":"2022-07-25T15:49:33","modified_gmt":"2022-07-25T20:49:33","slug":"con-butacas-vacias-y-reventa-de-boletos-arranco-eprimer-lunes-del-cerro-de-guelaguetza","status":"publish","type":"post","link":"https:\/\/zonaroja.com.mx\/?p=43882","title":{"rendered":"Con butacas vac\u00edas y reventa de boletos, arranc\u00f3 eprimer \u201cLunes del Cerro\u201d de Guelaguetza"},"content":{"rendered":"\n<p>Yuridiana Sosa\/Zona Roja.<\/p>\n\n\n\n<p>Oaxaca de Ju\u00e1rez, Oax., 25 de julio de 2022.- \u201c\u00a1Se regalan boletos!\u201d \u201c\u00a1Se regalan boletos!\u201d, gritaba un joven en el exterior del auditorio \u201cGuelaguetza\u201d, a una hora de haber iniciado la primera presentaci\u00f3n de las delegaciones, pues dentro, cientos de lugares permanec\u00edan vac\u00edos.<\/p>\n\n\n\n<p>La multitud de personas que hac\u00eda filas kilom\u00e9tricas desde primeras horas de la ma\u00f1ana para acceder a la secci\u00f3n gratuita del auditorio, desapareci\u00f3 tras la apertura de los accesos.<\/p>\n\n\n\n<p>El gobierno estatal auguraba, por la alta publicidad de la fiesta, que los espacios dentro del complejo ser\u00edan insuficientes, por lo que instalaron carpas, pantallas y sillas alrededor del auditorio para los que no alcanzaran lugar, pero la Guelaguetza 2022 inici\u00f3 con lugares vac\u00edos en toda la secci\u00f3n \u00abD\u00bb, la cual es gratuita.<\/p>\n\n\n\n<p>Pero mientras ni la zona gratis se llenaba, casi siempre ocupada por el turismo local, familiares de los participantes, o algunos nacionales, la reventa de boletos continuaba en los alrededores del auditorio en el cerro del \u201cFort\u00edn\u201d.<\/p>\n\n\n\n<figure class=\"wp-block-embed is-type-rich is-provider-twitter wp-block-embed-twitter\"><div class=\"wp-block-embed__wrapper\">\n<div class=\"twitter-tweet\"><blockquote class=\"twitter-tweet\" data-lang=\"es\"><p lang=\"es\" dir=\"ltr\"><a href=\"https:\/\/twitter.com\/hashtag\/%C3%9AltimoMinuto?src=hash&amp;ref_src=twsrc%5Etfw\">#\u00daltimoMinuto<\/a> <br>En el regreso de la <a href=\"https:\/\/twitter.com\/hashtag\/Guelaguetza?src=hash&amp;ref_src=twsrc%5Etfw\">#Guelaguetza<\/a> en Oaxaca, pr\u00e1cticamente todo el palco D vac\u00edo; tanto que personal de <a href=\"https:\/\/twitter.com\/SECTUR_GobOax?ref_src=twsrc%5Etfw\">@SECTUR_GobOax<\/a> regala boletos en el exterior, y pocos responden positivamente. <br>Tambi\u00e9n afuera, varios revendedores, sin que nadie los sancione. <a href=\"https:\/\/t.co\/RQOZbgwFlv\">pic.twitter.com\/RQOZbgwFlv<\/a><\/p>&mdash; Zona Roja Oaxaca (@ZonaRoja_Oaxaca) <a href=\"https:\/\/twitter.com\/ZonaRoja_Oaxaca\/status\/1551599100650573825?ref_src=twsrc%5Etfw\">25 de julio de 2022<\/a><\/blockquote><\/div>\n<\/div><\/figure>\n\n\n\n<p>Y una vez m\u00e1s la fiesta se vio enviciada por la reventa de pases a la que ninguna autoridad fue vigilante, a pesar del dicho por la Secretar\u00eda de Turismo para frenar estos actos.<\/p>\n\n\n\n<p>De forma discreta, pero certera, los revendedores ofrec\u00edan lugares en las butacas de la secci\u00f3n \u00abA\u00bb por mil 500 pesos; sobre la autenticidad del boleto, s\u00f3lo se sabr\u00eda al ingreso del auditorio.<\/p>\n\n\n\n<p>A la edici\u00f3n 90 de la Guelaguetza se sum\u00f3 la aprobaci\u00f3n indiscriminada por parte del ayuntamiento de Oaxaca de Ju\u00e1rez para la instalaci\u00f3n de puestos ambulantes en los accesos del auditorio.<\/p>\n\n\n\n<p>Como no se hab\u00eda visto antes, los puestos de comidas, recuerdos y artesan\u00edas, abarrotaron varios puntos, mismos que en otros a\u00f1os permanec\u00edan desocupados para la fluidez y desalojo peatonal de los miles que asisten al espect\u00e1culo.<\/p>\n\n\n\n<p>Eso s\u00ed, la Secretar\u00eda de Seguridad P\u00fablica de Oaxaca garantiz\u00f3 con m\u00e1s de dos mil elementos la seguridad durante la primera presentaci\u00f3n, con un \u201csaldo blanco\u201d; el operativo estuvo acompa\u00f1ado por la Unidad Canina (K-9) de la Polic\u00eda Estatal.<\/p>\n\n\n\n<p>Mismo operativo que se mantiene permanentemente para resguardar la zona y la seguridad de espectadores que desde la ma\u00f1ana de este lunes reservaron lugares en la fila para el ingreso de la presentaci\u00f3n vespertina.<\/p>\n\n\n\n<figure class=\"wp-block-embed is-type-rich is-provider-twitter wp-block-embed-twitter\"><div class=\"wp-block-embed__wrapper\">\n<div class=\"twitter-tweet\"><blockquote class=\"twitter-tweet\" data-lang=\"es\"><p lang=\"es\" dir=\"ltr\"><a href=\"https:\/\/twitter.com\/hashtag\/%C3%9AltimoMinuto?src=hash&amp;ref_src=twsrc%5Etfw\">#\u00daltimoMinuto<\/a> <br>Y <a href=\"https:\/\/twitter.com\/hashtag\/Televisa?src=hash&amp;ref_src=twsrc%5Etfw\">#Televisa<\/a> se apropi\u00f3 no solamente de la calle de Gurri\u00f3n -que us\u00f3 como estacionamiento- de la ciudad de <a href=\"https:\/\/twitter.com\/hashtag\/Oaxaca?src=hash&amp;ref_src=twsrc%5Etfw\">#Oaxaca<\/a>, sino tambi\u00e9n de la explanada de Santo Domingo de Guzm\u00e1n, presumiblemente a costa del erario. <a href=\"https:\/\/t.co\/YqUcEmzPFW\">pic.twitter.com\/YqUcEmzPFW<\/a><\/p>&mdash; Zona Roja Oaxaca (@ZonaRoja_Oaxaca) <a href=\"https:\/\/twitter.com\/ZonaRoja_Oaxaca\/status\/1551618816664342529?ref_src=twsrc%5Etfw\">25 de julio de 2022<\/a><\/blockquote><\/div>\n<\/div><\/figure>\n\n\n\n<p>ESPACIOS RESERVADOS.<\/p>\n\n\n\n<p>Presuntamente como parte de la millonaria inversi\u00f3n&nbsp;en la promoci\u00f3n de la Guelaguetza 2022,&nbsp;y \u00faltima edici\u00f3n del sexenio actual,&nbsp;el gGobierno del Estado trajo a Oaxaca al programa \u201cHoy\u201d de Televisa, para el que reserv\u00f3 la explanada del templo de Santo Domingo de Guzm\u00e1n.<\/p>\n\n\n\n<p>La producci\u00f3n del programa televisivo, que la semana pasada estuvo en la capital para realizar c\u00e1psulas, se apropi\u00f3 tambi\u00e9n de la calle de Gurri\u00f3n, a un costado del ex convento para ocuparla como estacionamiento.<\/p>\n\n\n\n<p>El gobernador Alejandro Murat y su esposa Ivette Mor\u00e1n estuvieron presentes en el programa, donde adem\u00e1s, llevaron a integrantes de la delegaci\u00f3n \u00abFlor de Pi\u00f1a\u00bb, para realizar una demostraci\u00f3n del baile.<\/p>\n\n\n\n<p>La transmisi\u00f3n del programa llam\u00f3 la atenci\u00f3n de cientos de peatones que se aproximaron al lugar para ver y saludar a los conductores; algunos, accedieron a tomarse fotograf\u00edas con el p\u00fablico.<\/p>\n\n\n\n<p>En tanto, varios de ellos arribaron a la capital desde el fin de semana para disfrutar del Convite de delegaciones la tarde del s\u00e1bado.\u00a0<\/p>\n\n\n\n<figure class=\"wp-block-embed is-type-rich is-provider-twitter wp-block-embed-twitter\"><div class=\"wp-block-embed__wrapper\">\n<div class=\"twitter-tweet\"><blockquote class=\"twitter-tweet\" data-lang=\"es\"><p lang=\"es\" dir=\"ltr\"><a href=\"https:\/\/twitter.com\/hashtag\/%C3%9AltimoMinuto?src=hash&amp;ref_src=twsrc%5Etfw\">#\u00daltimoMinuto<\/a> <br>Excesivo n\u00famero de puestos ambulantes en el primer Lunes del Cerro, hasta en accesos al auditorio, adem\u00e1s de zonas aleda\u00f1as de la ciudad de <a href=\"https:\/\/twitter.com\/hashtag\/Oaxaca?src=hash&amp;ref_src=twsrc%5Etfw\">#Oaxaca<\/a>. <a href=\"https:\/\/t.co\/X2rWY1HILj\">pic.twitter.com\/X2rWY1HILj<\/a><\/p>&mdash; Zona Roja Oaxaca (@ZonaRoja_Oaxaca) <a href=\"https:\/\/twitter.com\/ZonaRoja_Oaxaca\/status\/1551641210758078465?ref_src=twsrc%5Etfw\">25 de julio de 2022<\/a><\/blockquote><\/div>\n<\/div><\/figure>\n","protected":false},"excerpt":{"rendered":"<p>Yuridiana Sosa\/Zona Roja. Oaxaca de Ju\u00e1rez, Oax., 25 de julio de 2022.- \u201c\u00a1Se regalan boletos!\u201d&hellip;<\/p>\n","protected":false},"author":2,"featured_media":43886,"comment_status":"closed","ping_status":"open","sticky":false,"template":"","format":"standard","meta":{"_lmt_disableupdate":"","_lmt_disable":"","_jetpack_memberships_contains_paid_content":false,"footnotes":""},"categories":[109,47],"tags":[2787],"class_list":["post-43882","post","type-post","status-publish","format-standard","has-post-thumbnail","hentry","category-minuto-a-minuto","category-zona-gris","tag-guelaguetza-oaxaca"],"jetpack_featured_media_url":"https:\/\/zonaroja.com.mx\/wp-content\/uploads\/2022\/07\/Auditorio-Guelaguetza-vacio.jpg","jetpack_sharing_enabled":true,"_links":{"self":[{"href":"https:\/\/zonaroja.com.mx\/index.php?rest_route=\/wp\/v2\/posts\/43882","targetHints":{"allow":["GET"]}}],"collection":[{"href":"https:\/\/zonaroja.com.mx\/index.php?rest_route=\/wp\/v2\/posts"}],"about":[{"href":"https:\/\/zonaroja.com.mx\/index.php?rest_route=\/wp\/v2\/types\/post"}],"author":[{"embeddable":true,"href":"https:\/\/zonaroja.com.mx\/index.php?rest_route=\/wp\/v2\/users\/2"}],"replies":[{"embeddable":true,"href":"https:\/\/zonaroja.com.mx\/index.php?rest_route=%2Fwp%2Fv2%2Fcomments&post=43882"}],"version-history":[{"count":1,"href":"https:\/\/zonaroja.com.mx\/index.php?rest_route=\/wp\/v2\/posts\/43882\/revisions"}],"predecessor-version":[{"id":43887,"href":"https:\/\/zonaroja.com.mx\/index.php?rest_route=\/wp\/v2\/posts\/43882\/revisions\/43887"}],"wp:featuredmedia":[{"embeddable":true,"href":"https:\/\/zonaroja.com.mx\/index.php?rest_route=\/wp\/v2\/media\/43886"}],"wp:attachment":[{"href":"https:\/\/zonaroja.com.mx\/index.php?rest_route=%2Fwp%2Fv2%2Fmedia&parent=43882"}],"wp:term":[{"taxonomy":"category","embeddable":true,"href":"https:\/\/zonaroja.com.mx\/index.php?rest_route=%2Fwp%2Fv2%2Fcategories&post=43882"},{"taxonomy":"post_tag","embeddable":true,"href":"https:\/\/zonaroja.com.mx\/index.php?rest_route=%2Fwp%2Fv2%2Ftags&post=43882"}],"curies":[{"name":"wp","href":"https:\/\/api.w.org\/{rel}","templated":true}]}}