{"id":43884,"date":"2022-07-25T12:52:49","date_gmt":"2022-07-25T17:52:49","guid":{"rendered":"https:\/\/www.zonaroja.com.mx\/?p=43884"},"modified":"2022-07-25T12:54:37","modified_gmt":"2022-07-25T17:54:37","slug":"llega-viruela-del-mono-a-oaxaca-sso-confirmo-primer-caso-tome-precauciones","status":"publish","type":"post","link":"https:\/\/zonaroja.com.mx\/?p=43884","title":{"rendered":"Llega Viruela del mono a Oaxaca; SSO confirm\u00f3 primer caso, tome precauciones"},"content":{"rendered":"\n<p>Yuridiana Sosa\/Zona Roja.<\/p>\n\n\n\n<p>Oaxaca de Ju\u00e1rez, Oax., 25 de julio de 2022.- Oaxaca registr\u00f3 este fin de semana su primer caso de viruela s\u00edmica, conocida como Viruela del mono, revel\u00f3 el informe del Comit\u00e9 Nacional para la Vigilancia Epidemiol\u00f3gica (CONAVE).<\/p>\n\n\n\n<p>Los Servicios de Salud de Oaxaca (SSO) confirmaron el caso la ma\u00f1ana de este lunes, en pleno inicio de la fiesta de la Guelaguetza 2022 con el primer Lunes de Cerro, a la que llegan miles de turistas nacionales y extranjeros.<\/p>\n\n\n\n<p>El informe de la Direcci\u00f3n General de Epidemiolog\u00eda se\u00f1al\u00f3 que este primer caso se trata de un hombre de 27 a\u00f1os, originario de Valles Centrales, con antecedente de haber viajado a la Ciudad de M\u00e9xico.&nbsp;<\/p>\n\n\n\n<p>El paciente se encuentra estable de salud, aislado y es atendido por&nbsp;Centro de Salud Urbano N\u00famero 1&nbsp;de los Servicios de Salud de Oaxaca, ubicado en la capital oaxaque\u00f1a, donde por los s\u00edntomas que presentaban se realiz\u00f3 la toma de muestra, para despu\u00e9s obtener el resultado confirmatorio en positivo por el Instituto de Diagn\u00f3stico y Referencia Epidemiol\u00f3gicos (InDRE) de la Ciudad de M\u00e9xico.<\/p>\n\n\n\n<p>La Secretar\u00eda de Salud de Oaxaca, Virginia S\u00e1nchez R\u00edos, apunt\u00f3 que el personal de salud realiza lo correspondiente a la b\u00fasqueda intencionada de casos, por los contactos que pudo tener el paciente y controlar el contagio.<\/p>\n\n\n\n<p>As\u00ed como con el Covid-19, es importante seguir ocupando la mascarilla, realizar estornudos de etiqueta, seguir lavando manos, usar gel-alcohol, no compartir recipientes de bebidas ni alimentos, as\u00ed como limitar compartir objetos. <\/p>\n\n\n\n<p>En caso de tener s\u00edntomas, tomar las medidas sanitarias y acudir a atenci\u00f3n m\u00e9dica.<\/p>\n\n\n\n<p>Con este primer caso, Oaxaca se enlista en los 11 estados que registran un paciente con esta enfermedad end\u00e9mica de \u00c1frica.&nbsp;<\/p>\n\n\n\n<p>El informe epidemiol\u00f3gico indic\u00f3 que al corte del 23 de julio se suman 60 casos confirmados en M\u00e9xico, de los que el InDRE ha confirmado 59, de los cuales 35 corresponden a la Ciudad de M\u00e9xico, Jalisco, 12; Estado de M\u00e9xico, Nuevo Le\u00f3n, Veracruz, dos cada uno; Baja California, Colima, Oaxaca, Quintana Roo, Sinaloa y Tabasco, un caso respectivamente y un caso confirmado en Estados Unidos tiene antecedentes de estancia en Jalisco.<\/p>\n\n\n\n<p> <\/p>\n","protected":false},"excerpt":{"rendered":"<p>Yuridiana Sosa\/Zona Roja. Oaxaca de Ju\u00e1rez, Oax., 25 de julio de 2022.- Oaxaca registr\u00f3 este&hellip;<\/p>\n","protected":false},"author":2,"featured_media":41722,"comment_status":"closed","ping_status":"open","sticky":false,"template":"","format":"standard","meta":{"_lmt_disableupdate":"","_lmt_disable":"","_jetpack_memberships_contains_paid_content":false,"footnotes":""},"categories":[109,47],"tags":[1005],"class_list":["post-43884","post","type-post","status-publish","format-standard","has-post-thumbnail","hentry","category-minuto-a-minuto","category-zona-gris","tag-servicios-de-salud-de-oaxaca-sso"],"jetpack_featured_media_url":"https:\/\/zonaroja.com.mx\/wp-content\/uploads\/2022\/05\/img_4256.jpg","jetpack_sharing_enabled":true,"_links":{"self":[{"href":"https:\/\/zonaroja.com.mx\/index.php?rest_route=\/wp\/v2\/posts\/43884","targetHints":{"allow":["GET"]}}],"collection":[{"href":"https:\/\/zonaroja.com.mx\/index.php?rest_route=\/wp\/v2\/posts"}],"about":[{"href":"https:\/\/zonaroja.com.mx\/index.php?rest_route=\/wp\/v2\/types\/post"}],"author":[{"embeddable":true,"href":"https:\/\/zonaroja.com.mx\/index.php?rest_route=\/wp\/v2\/users\/2"}],"replies":[{"embeddable":true,"href":"https:\/\/zonaroja.com.mx\/index.php?rest_route=%2Fwp%2Fv2%2Fcomments&post=43884"}],"version-history":[{"count":1,"href":"https:\/\/zonaroja.com.mx\/index.php?rest_route=\/wp\/v2\/posts\/43884\/revisions"}],"predecessor-version":[{"id":43885,"href":"https:\/\/zonaroja.com.mx\/index.php?rest_route=\/wp\/v2\/posts\/43884\/revisions\/43885"}],"wp:featuredmedia":[{"embeddable":true,"href":"https:\/\/zonaroja.com.mx\/index.php?rest_route=\/wp\/v2\/media\/41722"}],"wp:attachment":[{"href":"https:\/\/zonaroja.com.mx\/index.php?rest_route=%2Fwp%2Fv2%2Fmedia&parent=43884"}],"wp:term":[{"taxonomy":"category","embeddable":true,"href":"https:\/\/zonaroja.com.mx\/index.php?rest_route=%2Fwp%2Fv2%2Fcategories&post=43884"},{"taxonomy":"post_tag","embeddable":true,"href":"https:\/\/zonaroja.com.mx\/index.php?rest_route=%2Fwp%2Fv2%2Ftags&post=43884"}],"curies":[{"name":"wp","href":"https:\/\/api.w.org\/{rel}","templated":true}]}}