{"id":43896,"date":"2022-07-25T18:57:17","date_gmt":"2022-07-25T23:57:17","guid":{"rendered":"http:\/\/www.zonaroja.com.mx\/?p=43896"},"modified":"2022-07-25T18:57:18","modified_gmt":"2022-07-25T23:57:18","slug":"juez-argumenta-errores-en-detencion-y-deja-libre-a-edil-y-regidor-de-atatlahuca","status":"publish","type":"post","link":"https:\/\/zonaroja.com.mx\/?p=43896","title":{"rendered":"Juez argumenta \u201cerrores\u201d en detenci\u00f3n y deja libre a edil y regidor de Atatlahuca"},"content":{"rendered":"\n<p>Redacci\u00f3n\/Zona Roja.&nbsp;<\/p>\n\n\n\n<p>Oaxaca de Ju\u00e1rez, Oax., 25 de julio de 2022.-&nbsp;Un juez del Poder Judicial de Oaxaca argument\u00f3 \u201cerrores\u201d en la detenci\u00f3n del presidente municipal y del regidor de Hacienda de San Esteban Atatlahuca, Rogelio Bautista Barrios y Carlos Rea\u00f1o Sandoval, respectivamente, por lo cual decret\u00f3 el auto de libertad.<\/p>\n\n\n\n<p>As\u00ed lo denunciaron autoridades auxiliares de dicho municipio de la regi\u00f3n Mixteca y el Centro de Derechos Humanos y Asesor\u00eda a Pueblos Ind\u00edgenas (Cedhap), al exigir al Gobierno del Estado que no haya impunidad en la masacre y violencia que hubo contra las agencias el a\u00f1o pasado.<\/p>\n\n\n\n<p>Fue el d\u00eda viernes 22 de julio del 2022, aproximadamente&nbsp;a las nueve de la ma\u00f1ana&nbsp;, que las dos autoridades de Atatlahuca, fueron detenidas a un lado de las oficinas de la radiodifusora XETLA, en el Barrio San Diego de la Heroica Ciudad de Tlaxiaco, por elementos de la Agencia Estatal de Investigaciones.<\/p>\n\n\n\n<p>Tras ello, dicha instancia dependiente de la Fiscal\u00eda General del Estado de Oaxaca, los puso a disposici\u00f3n de un juez y fueron trasladados al penal de San Francisco Tanivet, tacolula.<\/p>\n\n\n\n<p>El Juez de Control del Poder Judicial del estado, en la causa penal 066\/2022 y durante la audiencia de control de detenci\u00f3n que se efectu\u00f3 ese mismo d\u00eda decret\u00f3 de ilegal la detenci\u00f3n argumentando que los polic\u00edas investigadores,&nbsp;\u201cque no fijaron de manera correcta el lugar de la detenci\u00f3n\u201d.<\/p>\n\n\n\n<p>Por lo cual fueron liberados en la madrugada del d\u00eda s\u00e1bado 23 de julio del 2022, denunciaron Cedhapy y las autoridades auxiliares de Guerrero Grande, Mier y Ter\u00e1n y Ndoyonoyuji, Atatlahuca.<\/p>\n\n\n\n<p>Los imputados est\u00e1n acusados del delito de homicidio del se\u00f1or Isidoro Hern\u00e1ndez, quien fue asesinado el d\u00eda 23 de octubre del 2021 por disparos de arma de fuego en&nbsp;&nbsp;inmediaciones de Mier y Ter\u00e1n.<\/p>\n\n\n\n<p>Tambi\u00e9n est\u00e1n se\u00f1alados en otras carpetas de investigaci\u00f3n de hechos violentos efectuados el d\u00eda 21, 22, y 23 de octubre del 2021 en dichas localidades, inform\u00f3 Cedhapi a trav\u00e9s de un comunicado.<\/p>\n\n\n\n<p>\u201cCabe referir que la liberaci\u00f3n de estas personas se efectu\u00f3 por presi\u00f3n pol\u00edtica, ya que autoridades y vecinos de San Esteban Atatlahuca mantuvieron una reuni\u00f3n con diferentes autoridades del Gobierno del Estado entre ellos el secretario General de Gobierno, solicitando la liberaci\u00f3n de los se\u00f1ores Carlos Rea\u00f1o Sandoval y Rogelio Bautista Barrios.<\/p>\n\n\n\n<p>\u201cEn un primer momento, las autoridades municipales de San Esteban Atatlahuca, pretend\u00edan introducir de forma violenta a las personas que participaron en los hechos violentos del d\u00eda 21, 22 y 23 de octubre del 2021 donde fueron quemadas m\u00e1s de 100 casas, cuatro personas desaparecidas, as\u00ed como dos personas asesinadas en las comunidades&nbsp;&nbsp;de Guerrero Grande, Mier y Ter\u00e1n y Ndoyonoyuji\u201d, se\u00f1al\u00f3.<\/p>\n\n\n\n<p>Con la exculpaci\u00f3n del edil y el regidor, \u201cqueda acreditado que en Oaxaca prevalece la impunidad y se privilegia a los grupos pol\u00edticos y econ\u00f3micos que negocian y amagan por medio de la amenaza y la violencia\u201d, se\u00f1alaron Sebastiana Paz Bautista, de Ndoyonoyuji.&nbsp;<\/p>\n\n\n\n<p>Agust\u00edn barrios Sandoval, agente de Mier y Ter\u00e1n; Gumaro Sandoval L\u00f3pez, agente de Guerrero Grande, y Maurilio Santiago Reyes, de Cedhapi.<\/p>\n","protected":false},"excerpt":{"rendered":"<p>Redacci\u00f3n\/Zona Roja.&nbsp; Oaxaca de Ju\u00e1rez, Oax., 25 de julio de 2022.-&nbsp;Un juez del Poder Judicial&hellip;<\/p>\n","protected":false},"author":2,"featured_media":43897,"comment_status":"closed","ping_status":"open","sticky":false,"template":"","format":"standard","meta":{"_lmt_disableupdate":"","_lmt_disable":"","_jetpack_memberships_contains_paid_content":false,"footnotes":""},"categories":[109,47],"tags":[1025],"class_list":["post-43896","post","type-post","status-publish","format-standard","has-post-thumbnail","hentry","category-minuto-a-minuto","category-zona-gris","tag-san-esteban-atatlahuca"],"jetpack_featured_media_url":"https:\/\/zonaroja.com.mx\/wp-content\/uploads\/2022\/07\/Edil-y-regidor-Atatlahuca.jpg","jetpack_sharing_enabled":true,"_links":{"self":[{"href":"https:\/\/zonaroja.com.mx\/index.php?rest_route=\/wp\/v2\/posts\/43896","targetHints":{"allow":["GET"]}}],"collection":[{"href":"https:\/\/zonaroja.com.mx\/index.php?rest_route=\/wp\/v2\/posts"}],"about":[{"href":"https:\/\/zonaroja.com.mx\/index.php?rest_route=\/wp\/v2\/types\/post"}],"author":[{"embeddable":true,"href":"https:\/\/zonaroja.com.mx\/index.php?rest_route=\/wp\/v2\/users\/2"}],"replies":[{"embeddable":true,"href":"https:\/\/zonaroja.com.mx\/index.php?rest_route=%2Fwp%2Fv2%2Fcomments&post=43896"}],"version-history":[{"count":1,"href":"https:\/\/zonaroja.com.mx\/index.php?rest_route=\/wp\/v2\/posts\/43896\/revisions"}],"predecessor-version":[{"id":43898,"href":"https:\/\/zonaroja.com.mx\/index.php?rest_route=\/wp\/v2\/posts\/43896\/revisions\/43898"}],"wp:featuredmedia":[{"embeddable":true,"href":"https:\/\/zonaroja.com.mx\/index.php?rest_route=\/wp\/v2\/media\/43897"}],"wp:attachment":[{"href":"https:\/\/zonaroja.com.mx\/index.php?rest_route=%2Fwp%2Fv2%2Fmedia&parent=43896"}],"wp:term":[{"taxonomy":"category","embeddable":true,"href":"https:\/\/zonaroja.com.mx\/index.php?rest_route=%2Fwp%2Fv2%2Fcategories&post=43896"},{"taxonomy":"post_tag","embeddable":true,"href":"https:\/\/zonaroja.com.mx\/index.php?rest_route=%2Fwp%2Fv2%2Ftags&post=43896"}],"curies":[{"name":"wp","href":"https:\/\/api.w.org\/{rel}","templated":true}]}}