{"id":43904,"date":"2022-07-25T22:31:18","date_gmt":"2022-07-26T03:31:18","guid":{"rendered":"http:\/\/www.zonaroja.com.mx\/?p=43904"},"modified":"2022-07-25T22:31:20","modified_gmt":"2022-07-26T03:31:20","slug":"cierran-vecinos-calles-por-desorden-en-feria-del-mezcal-de-oaxaca","status":"publish","type":"post","link":"https:\/\/zonaroja.com.mx\/?p=43904","title":{"rendered":"Cierran vecinos calles, por desorden en Feria del Mezcal de Oaxaca"},"content":{"rendered":"\n<p>Redacci\u00f3n\/Zona Roja.<\/p>\n\n\n\n<p>Oaxaca de Ju\u00e1rez, Oax., 25 de julio de 2022.- Debido a los excesos y el desorden generados por la Feria del Mezcal en el Centro de Convenciones de Oaxaca, habitantes de tres colonias cerraron vialidades al tr\u00e1nsito vehicular.<\/p>\n\n\n\n<p>Se trata de los asentamientos La Nacional, El Baj\u00edo y Guelatao, cuyos colonos colocaron cintas de advertencia y cartulinas, para recriminar la basura, los pleitos de borrachos, el exceso de veh\u00edculos hasta en entrada de estacionamientos particulares y da\u00f1os a unidades de motor.<\/p>\n\n\n\n<p>Uno de los casos fue en la calle 21 de Marzo de la colonia Guelatao, que denunciaron el desinter\u00e9s de la Secretar\u00eda de Econom\u00eda del gobierno estatal, organizadora de la Feria del Mezcal, para atender las quejas.<\/p>\n\n\n\n<p>\u201cEs un caos, aparte de la genera que se basura;&nbsp; no hay quien pone orden; es un evento del Gobierno del Estado pero tiene que intervenir Santa Luc\u00eda del Camino\u201d, dijo uno de los vecinos.<\/p>\n\n\n\n<p>A su vez, la presidenta de la colonia, Alicia Cruz, respald\u00f3 la queja de los vecinos; \u201ccreemos que el Gobierno del Estado debe apoyarnos\u201d, dijo, al reconocer que ha habido ri\u00f1as por personas ebrias en la zona.<\/p>\n\n\n\n<p>El Gobierno del Estado no inform\u00f3 si atendi\u00f3 las quejas, como s\u00ed lo hizo el ayuntamiento de Santa Luc\u00eda del Camino, a trav\u00e9s de las redes sociales, que inform\u00f3 que atendi\u00f3 de manera oportuna las quejas, tras lo cual se retiraron las protestas.<\/p>\n\n\n\n<figure class=\"wp-block-embed is-type-rich is-provider-twitter wp-block-embed-twitter\"><div class=\"wp-block-embed__wrapper\">\n<div class=\"twitter-tweet\"><blockquote class=\"twitter-tweet\" data-lang=\"es\"><p lang=\"es\" dir=\"ltr\"><a href=\"https:\/\/twitter.com\/hashtag\/%C3%9AltimoMinuto?src=hash&amp;ref_src=twsrc%5Etfw\">#\u00daltimoMinuto<\/a> <br>Vecinos de la colonia Guelatao bloquean vialidades por el excesivo n\u00famero de veh\u00edculos, borrachos y ri\u00f1as a causa de la Feria del Mezcal instalada por la <a href=\"https:\/\/twitter.com\/Sec_EconomiaOax?ref_src=twsrc%5Etfw\">@Sec_EconomiaOax<\/a>; piden tambi\u00e9n ayuda al ayuntamiento de Santa Luc\u00eda del Camino. <a href=\"https:\/\/t.co\/JNp6SncUAL\">pic.twitter.com\/JNp6SncUAL<\/a><\/p>&mdash; Zona Roja Oaxaca (@ZonaRoja_Oaxaca) <a href=\"https:\/\/twitter.com\/ZonaRoja_Oaxaca\/status\/1551660504002838531?ref_src=twsrc%5Etfw\">25 de julio de 2022<\/a><\/blockquote><\/div>\n<\/div><\/figure>\n","protected":false},"excerpt":{"rendered":"<p>Redacci\u00f3n\/Zona Roja. Oaxaca de Ju\u00e1rez, Oax., 25 de julio de 2022.- Debido a los excesos&hellip;<\/p>\n","protected":false},"author":2,"featured_media":43905,"comment_status":"closed","ping_status":"open","sticky":false,"template":"","format":"standard","meta":{"_lmt_disableupdate":"","_lmt_disable":"","_jetpack_memberships_contains_paid_content":false,"footnotes":""},"categories":[109,47],"tags":[337],"class_list":["post-43904","post","type-post","status-publish","format-standard","has-post-thumbnail","hentry","category-minuto-a-minuto","category-zona-gris","tag-santa-lucia-del-camino"],"jetpack_featured_media_url":"https:\/\/zonaroja.com.mx\/wp-content\/uploads\/2022\/07\/Queja-vecinos-Santa-Lucia1.jpg","jetpack_sharing_enabled":true,"_links":{"self":[{"href":"https:\/\/zonaroja.com.mx\/index.php?rest_route=\/wp\/v2\/posts\/43904","targetHints":{"allow":["GET"]}}],"collection":[{"href":"https:\/\/zonaroja.com.mx\/index.php?rest_route=\/wp\/v2\/posts"}],"about":[{"href":"https:\/\/zonaroja.com.mx\/index.php?rest_route=\/wp\/v2\/types\/post"}],"author":[{"embeddable":true,"href":"https:\/\/zonaroja.com.mx\/index.php?rest_route=\/wp\/v2\/users\/2"}],"replies":[{"embeddable":true,"href":"https:\/\/zonaroja.com.mx\/index.php?rest_route=%2Fwp%2Fv2%2Fcomments&post=43904"}],"version-history":[{"count":1,"href":"https:\/\/zonaroja.com.mx\/index.php?rest_route=\/wp\/v2\/posts\/43904\/revisions"}],"predecessor-version":[{"id":43906,"href":"https:\/\/zonaroja.com.mx\/index.php?rest_route=\/wp\/v2\/posts\/43904\/revisions\/43906"}],"wp:featuredmedia":[{"embeddable":true,"href":"https:\/\/zonaroja.com.mx\/index.php?rest_route=\/wp\/v2\/media\/43905"}],"wp:attachment":[{"href":"https:\/\/zonaroja.com.mx\/index.php?rest_route=%2Fwp%2Fv2%2Fmedia&parent=43904"}],"wp:term":[{"taxonomy":"category","embeddable":true,"href":"https:\/\/zonaroja.com.mx\/index.php?rest_route=%2Fwp%2Fv2%2Fcategories&post=43904"},{"taxonomy":"post_tag","embeddable":true,"href":"https:\/\/zonaroja.com.mx\/index.php?rest_route=%2Fwp%2Fv2%2Ftags&post=43904"}],"curies":[{"name":"wp","href":"https:\/\/api.w.org\/{rel}","templated":true}]}}