{"id":43913,"date":"2022-07-26T07:22:11","date_gmt":"2022-07-26T12:22:11","guid":{"rendered":"http:\/\/www.zonaroja.com.mx\/?p=43913"},"modified":"2022-07-26T07:22:13","modified_gmt":"2022-07-26T12:22:13","slug":"suma-esfuerzos-poder-judicial-para-fortalecer-el-acceso-a-la-justicia","status":"publish","type":"post","link":"https:\/\/zonaroja.com.mx\/?p=43913","title":{"rendered":"Suma esfuerzos Poder Judicial para fortalecer el acceso a la justicia"},"content":{"rendered":"\n<p>Redacci\u00f3n\/Zona Roja.<\/p>\n\n\n\n<p>Oaxaca de Ju\u00e1rez, Oax., 26 de julio de 2022.- El presidente del Tribunal Superior de Justicia y del Consejo de la Judicatura, magistrado Eduardo Pinacho S\u00e1nchez&nbsp;afirm\u00f3&nbsp;que&nbsp;el Poder Judicial del Estado&nbsp;mantiene con los Poderes&nbsp;Ejecutivo&nbsp;y Legislativo una relaci\u00f3n cercana y de respeto, para construir una justicia accesible y&nbsp;humanizada, as\u00ed como para generar oportunidades de desarrollo para la sociedad oaxaque\u00f1a.<\/p>\n\n\n\n<p>\u201cLos tres \u00f3rdenes de Gobierno, los tres Poderes de la Uni\u00f3n, con base en nuestras facultades constitucionales y respeto a nuestros \u00e1mbitos de competencia, sumamos esfuerzos con el objetivo com\u00fan de fortalecer y renovar, en todos los niveles, el acceso a la justicia\u201d,&nbsp;puntualiz\u00f3.&nbsp;<\/p>\n\n\n\n<p>Luego de asistir&nbsp;como invitado&nbsp;al foro internacional \u201cOaxaca y la Agenda 2030: Avances en el combate a la pobreza\u201d, presidido por el gobernador Alejandro Murat Hinojosa,&nbsp;resalt\u00f3&nbsp;que el liderazgo de la entidad se basa en&nbsp;la solidez de sus instituciones y&nbsp;en el respeto del marco normativo del que derivan los derechos individuales y colectivos.<\/p>\n\n\n\n<p>Por ello,&nbsp;felicit\u00f3 los avances en la implementaci\u00f3n de la estrategia de Atenci\u00f3n Prioritaria E-40 realizada en la administraci\u00f3n del Gobernador del Estado, fundamental para lograr que Oaxaca registre el porcentaje de pobreza y pobreza extrema m\u00e1s bajo en su historia, seg\u00fan datos del Consejo Nacional de Evaluaci\u00f3n de la Pol\u00edtica de Desarrollo Social (Coneval). &nbsp; &nbsp;&nbsp;<\/p>\n\n\n\n<p>Se\u00f1al\u00f3 que en el objetivo de hacer efectivo el acceso a la justicia, su administraci\u00f3n tiene como ejes centrales la humanizaci\u00f3n y protecci\u00f3n real de los derechos humanos, por lo cual el Poder Judicial del Estado ha innovado al desarrollar actividades y servicios, como las audiencias en l\u00ednea, las notificaciones electr\u00f3nicas y establecer el Centro de Respuesta Inmediata \u201cJusticiatel\u201d.&nbsp;<\/p>\n\n\n\n<p>Adem\u00e1s, se cuenta con una Unidad de G\u00e9nero, se han dignificado inmuebles judiciales y se construye el primer plantel antis\u00edsmico que ser\u00e1 el centro de convivencia familiar y sede de juzgados familiares. En materia de capacitaci\u00f3n, indic\u00f3 que en colaboraci\u00f3n con la Universidad de Perugia, Italia, se iniciar\u00e1 pr\u00f3ximamente la Maestr\u00eda en Derecho Judicial.<\/p>\n","protected":false},"excerpt":{"rendered":"<p>Redacci\u00f3n\/Zona Roja. Oaxaca de Ju\u00e1rez, Oax., 26 de julio de 2022.- El presidente del Tribunal&hellip;<\/p>\n","protected":false},"author":2,"featured_media":43907,"comment_status":"closed","ping_status":"open","sticky":false,"template":"","format":"standard","meta":{"_lmt_disableupdate":"","_lmt_disable":"","_jetpack_memberships_contains_paid_content":false,"footnotes":""},"categories":[109,46],"tags":[223],"class_list":["post-43913","post","type-post","status-publish","format-standard","has-post-thumbnail","hentry","category-minuto-a-minuto","category-zona-blanca","tag-poder-judicial-de-oaxaca"],"jetpack_featured_media_url":"https:\/\/zonaroja.com.mx\/wp-content\/uploads\/2022\/07\/Titular-Poder-Judicial-y-Alejandro-Murat.jpg","jetpack_sharing_enabled":true,"_links":{"self":[{"href":"https:\/\/zonaroja.com.mx\/index.php?rest_route=\/wp\/v2\/posts\/43913","targetHints":{"allow":["GET"]}}],"collection":[{"href":"https:\/\/zonaroja.com.mx\/index.php?rest_route=\/wp\/v2\/posts"}],"about":[{"href":"https:\/\/zonaroja.com.mx\/index.php?rest_route=\/wp\/v2\/types\/post"}],"author":[{"embeddable":true,"href":"https:\/\/zonaroja.com.mx\/index.php?rest_route=\/wp\/v2\/users\/2"}],"replies":[{"embeddable":true,"href":"https:\/\/zonaroja.com.mx\/index.php?rest_route=%2Fwp%2Fv2%2Fcomments&post=43913"}],"version-history":[{"count":1,"href":"https:\/\/zonaroja.com.mx\/index.php?rest_route=\/wp\/v2\/posts\/43913\/revisions"}],"predecessor-version":[{"id":43914,"href":"https:\/\/zonaroja.com.mx\/index.php?rest_route=\/wp\/v2\/posts\/43913\/revisions\/43914"}],"wp:featuredmedia":[{"embeddable":true,"href":"https:\/\/zonaroja.com.mx\/index.php?rest_route=\/wp\/v2\/media\/43907"}],"wp:attachment":[{"href":"https:\/\/zonaroja.com.mx\/index.php?rest_route=%2Fwp%2Fv2%2Fmedia&parent=43913"}],"wp:term":[{"taxonomy":"category","embeddable":true,"href":"https:\/\/zonaroja.com.mx\/index.php?rest_route=%2Fwp%2Fv2%2Fcategories&post=43913"},{"taxonomy":"post_tag","embeddable":true,"href":"https:\/\/zonaroja.com.mx\/index.php?rest_route=%2Fwp%2Fv2%2Ftags&post=43913"}],"curies":[{"name":"wp","href":"https:\/\/api.w.org\/{rel}","templated":true}]}}