{"id":43925,"date":"2022-07-26T13:53:30","date_gmt":"2022-07-26T18:53:30","guid":{"rendered":"https:\/\/www.zonaroja.com.mx\/?p=43925"},"modified":"2022-07-26T13:53:31","modified_gmt":"2022-07-26T18:53:31","slug":"oaxaca-feminicida-es-nuestra-realidad-y-la-vamos-a-cambiar-morritas","status":"publish","type":"post","link":"https:\/\/zonaroja.com.mx\/?p=43925","title":{"rendered":"\u201cOaxaca feminicida, es nuestra realidad y la vamos a cambiar morritas\u201d"},"content":{"rendered":"\n<p>Yuridiana Sosa\/Zona Roja.<\/p>\n\n\n\n<p>Oaxaca de Ju\u00e1rez, Oax., 26 de julio de 2022.- Asociaciones, colectivos feministas y activistas han mostrado su respaldo a la saxofonista Mar\u00eda Elena R\u00edos, tras la agresi\u00f3n que sufri\u00f3 por elementos de seguridad, por protestar en el auditorio \u201cGuelaguetza\u201c durante la edici\u00f3n vespertina del Lunes del Cerro, con una leyenda en una manta.&nbsp;<\/p>\n\n\n\n<p>\u201cOaxaca feminicida. Esta es nuestra realidad y la vamos a cambiar morritas\u201d public\u00f3 en respuesta la ma\u00f1ana de&nbsp;este martes&nbsp;la saxofonista, sobreviviente de feminicidio cuando fue atacada con \u00e1cido en septiembre de 2019.<\/p>\n\n\n\n<p>A casi tres a\u00f1os de los hechos, la tambi\u00e9n activista se\u00f1al\u00f3 la impunidad que vive a falta de sentencia del presunto autor intelectual, Juan Antonio V. . y por la falta de detenci\u00f3n de otro probable autor, Juan Antonio Vera Hern\u00e1ndez, pr\u00f3fugo.&nbsp;<\/p>\n\n\n\n<p>Durante la edici\u00f3n vespertina del encuentro de delegaciones la saxofinista&nbsp;mixteca&nbsp; protest\u00f3 de forma pac\u00edfica durante la presentaci\u00f3n de la \u201cCanci\u00f3n Mixteca\u201d.<\/p>\n\n\n\n<p>Cuando empezaba esta melod\u00eda -s\u00edmbolo internacional de Oaxaca ,-mientras los miles de asistentes levantaron los brazos con sus sombreros en mano, Malena extendi\u00f3 con ayuda de su acompa\u00f1ante la manta con la leyenda: \u201cOaxaca Feminicida\u201d, desde su lugar en medio de una se las secciones de la zona gratuita.&nbsp;<\/p>\n\n\n\n<p>Elementos de seguridad no tardaron en aproximarse a la avecindada en Huajuapan para arrebatarle la manta; para despu\u00e9s obligarla, entre empujones y jalones, a retirarse del auditorio \u201cGuelaguetza\u201d.<\/p>\n\n\n\n<p>Malena denunci\u00f3 por medio de videos que grab\u00f3 durante su desalojo, que elementos de Seguridad P\u00fablica la agredieron f\u00edsicamente para sacarla del lugar.<\/p>\n\n\n\n<figure class=\"wp-block-embed\"><div class=\"wp-block-embed__wrapper\">\n<div class=\"twitter-tweet\"><blockquote class=\"twitter-tweet\" data-lang=\"es\"><p lang=\"es\" dir=\"ltr\"><a href=\"https:\/\/twitter.com\/hashtag\/%C3%9AltimoMinuto?src=hash&amp;ref_src=twsrc%5Etfw\">#\u00daltimoMinuto<\/a> <br>3. Este es el video que comparti\u00f3 <a href=\"https:\/\/twitter.com\/_ElenaRios?ref_src=twsrc%5Etfw\">@_ElenaRios<\/a> al momento que era retirada por polic\u00edas del auditorio \u201c<a href=\"https:\/\/twitter.com\/hashtag\/Guelaguetza?src=hash&amp;ref_src=twsrc%5Etfw\">#Guelaguetza<\/a>\u201d de la ciudad de Oaxaca, tras protestar con una manta contra el <a href=\"https:\/\/twitter.com\/hashtag\/feminicidio?src=hash&amp;ref_src=twsrc%5Etfw\">#feminicidio<\/a>. <a href=\"https:\/\/twitter.com\/julioastillero?ref_src=twsrc%5Etfw\">@julioastillero<\/a> <a href=\"https:\/\/twitter.com\/sdpnoticias?ref_src=twsrc%5Etfw\">@sdpnoticias<\/a> <a href=\"https:\/\/twitter.com\/Reforma?ref_src=twsrc%5Etfw\">@Reforma<\/a> <a href=\"https:\/\/twitter.com\/SinEmbargoMX?ref_src=twsrc%5Etfw\">@SinEmbargoMX<\/a> <a href=\"https:\/\/twitter.com\/AristeguiOnline?ref_src=twsrc%5Etfw\">@AristeguiOnline<\/a> <a href=\"https:\/\/t.co\/ZlOWnEAZ7f\">pic.twitter.com\/ZlOWnEAZ7f<\/a><\/p>&mdash; Zona Roja Oaxaca (@ZonaRoja_Oaxaca) <a href=\"https:\/\/twitter.com\/ZonaRoja_Oaxaca\/status\/1551750138095439874?ref_src=twsrc%5Etfw\">26 de julio de 2022<\/a><\/blockquote><\/div>\n<\/div><\/figure>\n\n\n\n<p>POSICIONAMIENTOS<\/p>\n\n\n\n<p>Sobre los hechos, diversos colectivos feministas se pronunciaron en repudio de la agresi\u00f3n f\u00edsica, de la libertad de expresi\u00f3n y de la injusticia en el caso de Mar\u00eda Elena R\u00edos.<\/p>\n\n\n\n<p>La v\u00edctima del feminicidio de su hija Mar\u00eda del Sol Cruz, y activista Soledad Jarqu\u00edn fue entre las primeras que se pronunci\u00f3.<\/p>\n\n\n\n<p>\u201cQue indigna m\u00e1s: la impunidad, la actuaci\u00f3n de los polic\u00edas insensibles ante una leg\u00edtima protesta, la violaci\u00f3n a la libertad de expresi\u00f3n o la indiferencia de la gente. Bien por Mar\u00eda Elena R\u00edos. Si quieren que no se les salga de control #JusticiaParaTodas\u201d, manifest\u00f3.&nbsp;<\/p>\n\n\n\n<p>Pues cuando Malena inici\u00f3 su protesta algunos asistentes gritaron \u201c\u00a1Que la bajen!\u201d, \u201c\u00a1Fuera! \u00a1Fuera!\u201d.<\/p>\n\n\n\n<p>La Colectiva Amor No Es Violencia sentenci\u00f3 &nbsp;la opresi\u00f3n del derecho a la protesta. \u201cMar\u00eda Elena R\u00edos no est\u00e1s sola\u201d, se\u00f1al\u00f3.<\/p>\n\n\n\n<p>As\u00ed tambi\u00e9n, Marea Verde Mixteca indic\u00f3 que el gobierno de Oaxaca reprime a las mujeres que protestan, pues las quieren callar, pero \u201cya no m\u00e1s. Mar\u00eda Elena, hermana, aqu\u00ed est\u00e1 tu manada\u201d.<\/p>\n\n\n\n<p>Marea Verde Oaxaca y Colectivo Chicatana manifestaron que el gobierno de Alejandro Murat tiene una deuda con las mujeres de Oaxaca, pues durante su gesti\u00f3n m\u00e1s de 665 mujeres fueron v\u00edctimas de feminicidio.&nbsp;<\/p>\n\n\n\n<p>\u201cTu fiesta blanca en la que s\u00f3lo son bienvenidos artistas y ricachones, ajenos a la realidad de Oaxaca sangrienta, es una simulaci\u00f3n y una burla. Alejandro Murat, te vas repudiado por las mujeres, infame, que tu conciencia te persiga siempre. La deuda est\u00e1 pendiente\u201d, escribieron en su pronunciamiento.<\/p>\n\n\n\n<p>Semilleros de Mujeres Defensoras de Nuestros&nbsp;Territorios&nbsp;aseveraron&nbsp;que el gobernador se siente amenazado por alguien que s\u00f3lo exige justicia.<\/p>\n\n\n\n<p>\u201cLa acci\u00f3n fue suficiente para que se sintiera amenazado el m\u00e1s grande negocio institucional del estado. La comercializaci\u00f3n de la \u2018cultura\u2019 se vio manchada por una demanda leg\u00edtima y tras ello, unos cien elementos jalonearon y sacaron violentamente del auditorio \u2018Guelaguetza\u2019 a Mar\u00eda Elena, quien qued\u00f3 con marcas y golpes en los brazos\u201d, se\u00f1al\u00f3 respecto a la protesta.<\/p>\n","protected":false},"excerpt":{"rendered":"<p>Yuridiana Sosa\/Zona Roja. Oaxaca de Ju\u00e1rez, Oax., 26 de julio de 2022.- Asociaciones, colectivos feministas&hellip;<\/p>\n","protected":false},"author":2,"featured_media":43924,"comment_status":"closed","ping_status":"open","sticky":false,"template":"","format":"standard","meta":{"_lmt_disableupdate":"","_lmt_disable":"","_jetpack_memberships_contains_paid_content":false,"footnotes":""},"categories":[109,47],"tags":[],"class_list":["post-43925","post","type-post","status-publish","format-standard","has-post-thumbnail","hentry","category-minuto-a-minuto","category-zona-gris"],"jetpack_featured_media_url":"https:\/\/zonaroja.com.mx\/wp-content\/uploads\/2022\/07\/c423252c-d248-40d7-a89b-6fc0070e48fd.jpg","jetpack_sharing_enabled":true,"_links":{"self":[{"href":"https:\/\/zonaroja.com.mx\/index.php?rest_route=\/wp\/v2\/posts\/43925","targetHints":{"allow":["GET"]}}],"collection":[{"href":"https:\/\/zonaroja.com.mx\/index.php?rest_route=\/wp\/v2\/posts"}],"about":[{"href":"https:\/\/zonaroja.com.mx\/index.php?rest_route=\/wp\/v2\/types\/post"}],"author":[{"embeddable":true,"href":"https:\/\/zonaroja.com.mx\/index.php?rest_route=\/wp\/v2\/users\/2"}],"replies":[{"embeddable":true,"href":"https:\/\/zonaroja.com.mx\/index.php?rest_route=%2Fwp%2Fv2%2Fcomments&post=43925"}],"version-history":[{"count":1,"href":"https:\/\/zonaroja.com.mx\/index.php?rest_route=\/wp\/v2\/posts\/43925\/revisions"}],"predecessor-version":[{"id":43926,"href":"https:\/\/zonaroja.com.mx\/index.php?rest_route=\/wp\/v2\/posts\/43925\/revisions\/43926"}],"wp:featuredmedia":[{"embeddable":true,"href":"https:\/\/zonaroja.com.mx\/index.php?rest_route=\/wp\/v2\/media\/43924"}],"wp:attachment":[{"href":"https:\/\/zonaroja.com.mx\/index.php?rest_route=%2Fwp%2Fv2%2Fmedia&parent=43925"}],"wp:term":[{"taxonomy":"category","embeddable":true,"href":"https:\/\/zonaroja.com.mx\/index.php?rest_route=%2Fwp%2Fv2%2Fcategories&post=43925"},{"taxonomy":"post_tag","embeddable":true,"href":"https:\/\/zonaroja.com.mx\/index.php?rest_route=%2Fwp%2Fv2%2Ftags&post=43925"}],"curies":[{"name":"wp","href":"https:\/\/api.w.org\/{rel}","templated":true}]}}