{"id":43929,"date":"2022-07-26T15:47:20","date_gmt":"2022-07-26T20:47:20","guid":{"rendered":"http:\/\/www.zonaroja.com.mx\/?p=43929"},"modified":"2022-07-26T15:47:21","modified_gmt":"2022-07-26T20:47:21","slug":"no-hay-mas-casos-sospechosos-de-viruela-del-mono-en-oaxaca-sso","status":"publish","type":"post","link":"https:\/\/zonaroja.com.mx\/?p=43929","title":{"rendered":"No hay m\u00e1s casos sospechosos de Viruela del mono en Oaxaca: SSO"},"content":{"rendered":"\n<p>Yuridiana Sosa\/Zona Roja.<\/p>\n\n\n\n<p>Oaxaca de Ju\u00e1rez, Oax., 26 de julio de 2022.- Tras el primer caso de viruela s\u00edmica en la entidad, la titular de los Servicios de Salud de Oaxaca (SSO), Virginia S\u00e1nchez R\u00edos, asegur\u00f3 que no existen otros casos sospechosos de esta enfermedad en la entidad.<\/p>\n\n\n\n<p>En entrevista con ZONA ROJA, la funcionaria apunt\u00f3 que luego de la detecci\u00f3n de un paciente positivo a la Viruela de mono, no se han reportado otros casos, ni positivos ni sospechosos, en el transcurso de las \u00faltimas horas.<\/p>\n\n\n\n<p>Destac\u00f3 que para prevenir contagios, se aplic\u00f3 un cerco sanitario que se llevar\u00e1 a cabo por m\u00e1s de 20 d\u00edas, por lo que Servicios de Salud inici\u00f3 la b\u00fasqueda intencionada de casos.<\/p>\n\n\n\n<p>La persona enferma, un adulto joven de 27 a\u00f1os, sigue en vigilancia, sin complicaciones de salud y se mantiene en recuperaci\u00f3n desde su propio domicilio, luego de ser atendido por el Centro de Salud Urbano n\u00famero 1, de SSO, en la capital del estado.<\/p>\n\n\n\n<p>S\u00e1nchez R\u00edos se\u00f1al\u00f3 que, pese a este primer caso, y a que a nivel internacional la Organizaci\u00f3n Mundial de la Salud declar\u00f3 emergencia sanitaria por el incremento de contagios de viruela del mono, no debe existir alarma en la entidad, pero s\u00ed responsabilidad.<\/p>\n\n\n\n<figure class=\"wp-block-embed is-type-rich is-provider-twitter wp-block-embed-twitter\"><div class=\"wp-block-embed__wrapper\">\n<div class=\"twitter-tweet\"><blockquote class=\"twitter-tweet\" data-lang=\"es\"><p lang=\"es\" dir=\"ltr\">Ante el registro del primer caso de Viruela del mono en <a href=\"https:\/\/twitter.com\/hashtag\/Oaxaca?src=hash&amp;ref_src=twsrc%5Etfw\">#Oaxaca<\/a>, la titular de los <a href=\"https:\/\/twitter.com\/SSO_GobOax?ref_src=twsrc%5Etfw\">@SSO_GobOax<\/a>, Virginia S\u00e1nchez R\u00edos, pidi\u00f3 a la poblaci\u00f3n no alarmarse, pero s\u00ed seguir extremando las medidas de prevenci\u00f3n, similares a las que se aplican en los casos de Covid-19. <a href=\"https:\/\/t.co\/V0oAmFv96W\">pic.twitter.com\/V0oAmFv96W<\/a><\/p>&mdash; Zona Roja Oaxaca (@ZonaRoja_Oaxaca) <a href=\"https:\/\/twitter.com\/ZonaRoja_Oaxaca\/status\/1551768719566815233?ref_src=twsrc%5Etfw\">26 de julio de 2022<\/a><\/blockquote><\/div>\n<\/div><\/figure>\n\n\n\n<p>\u201cNo hay que alarmarnos, hay que actuar y ser responsables\u201d, expres\u00f3 al tiempo que recomend\u00f3 a la poblaci\u00f3n a mantener medidas de higiene que se han aplicado en la pandemia de Covid-19.<\/p>\n\n\n\n<p>Respecto a la afluencia de turismo nacional y extranjero en Oaxaca, destac\u00f3 que es importante que cada individuo mantenga medidas preventivas, desde el uso de cubrebocas obligatoriamente, lavado de manos frecuentes, uso de alcohol o gel antibacterial para reducir los riesgos.<\/p>\n\n\n\n<p>Esto ante la similitud en las formas de contagio entre el Covid y la viruela s\u00edmica.<\/p>\n\n\n\n<p>Recomend\u00f3 no automedicarse y acudir por atenci\u00f3n m\u00e9dica ante la presencia de algunos s\u00edntomas, como dolor de ojos, fiebre, malestar general, similares al covid.&nbsp; Y en caso de presentar erupciones cut\u00e1neas, no manipular las heridas.<\/p>\n\n\n\n<p>SITUACI\u00d3N DEL COVID<\/p>\n\n\n\n<p>La secretaria de Salud de Oaxaca, Virginia S\u00e1nchez R\u00edos, reconoci\u00f3 que en la quinta semana de la quinta ola de Covid-19 a\u00fan no se registran descensos importantes en el n\u00famero de casos.<\/p>\n\n\n\n<p>Sin embargo, indic\u00f3 que la reducci\u00f3n se mantiene de forma lenta y constante e hizo hincapi\u00e9 en la importancia de la vacunaci\u00f3n contra el covid para reducir los s\u00edntomas y riesgos a la salud como se ha presentado.<\/p>\n\n\n\n<p>Hasta el corte del fin de semana, Oaxaca acumul\u00f3 tres mil 360 en la semana del 17 al 23 de julio, 12 defunciones; 176 municipios con casos activos y seis hospitales saturados.<\/p>\n","protected":false},"excerpt":{"rendered":"<p>Yuridiana Sosa\/Zona Roja. Oaxaca de Ju\u00e1rez, Oax., 26 de julio de 2022.- Tras el primer&hellip;<\/p>\n","protected":false},"author":2,"featured_media":43908,"comment_status":"closed","ping_status":"open","sticky":false,"template":"","format":"standard","meta":{"_lmt_disableupdate":"","_lmt_disable":"","_jetpack_memberships_contains_paid_content":false,"footnotes":""},"categories":[109,46],"tags":[1005],"class_list":["post-43929","post","type-post","status-publish","format-standard","has-post-thumbnail","hentry","category-minuto-a-minuto","category-zona-blanca","tag-servicios-de-salud-de-oaxaca-sso"],"jetpack_featured_media_url":"https:\/\/zonaroja.com.mx\/wp-content\/uploads\/2022\/07\/Virginia-Sanchez-Rios-Salud-1.jpg","jetpack_sharing_enabled":true,"_links":{"self":[{"href":"https:\/\/zonaroja.com.mx\/index.php?rest_route=\/wp\/v2\/posts\/43929","targetHints":{"allow":["GET"]}}],"collection":[{"href":"https:\/\/zonaroja.com.mx\/index.php?rest_route=\/wp\/v2\/posts"}],"about":[{"href":"https:\/\/zonaroja.com.mx\/index.php?rest_route=\/wp\/v2\/types\/post"}],"author":[{"embeddable":true,"href":"https:\/\/zonaroja.com.mx\/index.php?rest_route=\/wp\/v2\/users\/2"}],"replies":[{"embeddable":true,"href":"https:\/\/zonaroja.com.mx\/index.php?rest_route=%2Fwp%2Fv2%2Fcomments&post=43929"}],"version-history":[{"count":1,"href":"https:\/\/zonaroja.com.mx\/index.php?rest_route=\/wp\/v2\/posts\/43929\/revisions"}],"predecessor-version":[{"id":43930,"href":"https:\/\/zonaroja.com.mx\/index.php?rest_route=\/wp\/v2\/posts\/43929\/revisions\/43930"}],"wp:featuredmedia":[{"embeddable":true,"href":"https:\/\/zonaroja.com.mx\/index.php?rest_route=\/wp\/v2\/media\/43908"}],"wp:attachment":[{"href":"https:\/\/zonaroja.com.mx\/index.php?rest_route=%2Fwp%2Fv2%2Fmedia&parent=43929"}],"wp:term":[{"taxonomy":"category","embeddable":true,"href":"https:\/\/zonaroja.com.mx\/index.php?rest_route=%2Fwp%2Fv2%2Fcategories&post=43929"},{"taxonomy":"post_tag","embeddable":true,"href":"https:\/\/zonaroja.com.mx\/index.php?rest_route=%2Fwp%2Fv2%2Ftags&post=43929"}],"curies":[{"name":"wp","href":"https:\/\/api.w.org\/{rel}","templated":true}]}}