{"id":43933,"date":"2022-07-26T20:11:57","date_gmt":"2022-07-27T01:11:57","guid":{"rendered":"http:\/\/www.zonaroja.com.mx\/?p=43933"},"modified":"2022-07-26T20:11:58","modified_gmt":"2022-07-27T01:11:58","slug":"entro-por-oaxaca-1-6-toneladas-de-cocaina-que-fue-incautada-en-cdmx","status":"publish","type":"post","link":"https:\/\/zonaroja.com.mx\/?p=43933","title":{"rendered":"Entr\u00f3 por Oaxaca 1.6 toneladas de coca\u00edna que fue incautada en Cdmx"},"content":{"rendered":"\n<p>Redacci\u00f3n\/Zona Roja Cdmx.<\/p>\n\n\n\n<p>Ciudad de M\u00e9xico, 26 de julio de 2022.- El cargamento con 1.6 toneladas de coca\u00edna decomisado hoy en la Ciudad de M\u00e9xico, proven\u00eda de Colombia e ingres\u00f3 a Oaxaca v\u00eda Puerto Escondido.<\/p>\n\n\n\n<p>As\u00ed lo confirm\u00f3 la Secretar\u00eda de Seguridad Ciudadana de la capital del pa\u00eds, cuyo titular Omar Garc\u00eda Harfuch estim\u00f3 en 400 millones de pesos el valor de la droga, cuyo monto se duplicar\u00eda de llegar a los Estados Unidos.<\/p>\n\n\n\n<p>La ma\u00f1ana de hoy, mediante un operativo en el Circuito Exterior Mexiquense, a la altura de la avenida R\u00edo de los Remedios, alcald\u00eda Gustavo A. Madero, fueron interceptados dos tractocamiones con plataformas habilitadas con compartimentos ocultos, donde se encontraban cientos de paquetes con coca\u00edna.&nbsp;<\/p>\n\n\n\n<p>Tras ello, fueron detenidas cuatro personas, originarias del estado de Durango, con otro veh\u00edculo, presuntamente con el que brindaban seguridad a las unidades pesadas.<\/p>\n\n\n\n<p>De acuerdo con la Secretar\u00eda de Seguridad Ciudadana, parte de la droga se quedar\u00eda en la Ciudad de M\u00e9xico, espec\u00edficamente en la zona Centro, en el Barrio de Tepito, as\u00ed como en otros puntos del Estado de M\u00e9xico; el resto se trasiegar\u00eda a los Estados Unidos.<\/p>\n\n\n\n<p>La droga proven\u00eda de Colombia e ingres\u00f3&nbsp;v\u00eda mar\u00edtima al pa\u00eds, desembarcando en Puerto Escondido, Oaxaca y, v\u00eda terrestre, la transportan a la Ciudad de M\u00e9xico.<\/p>\n","protected":false},"excerpt":{"rendered":"<p>Redacci\u00f3n\/Zona Roja Cdmx. Ciudad de M\u00e9xico, 26 de julio de 2022.- El cargamento con 1.6&hellip;<\/p>\n","protected":false},"author":2,"featured_media":43934,"comment_status":"closed","ping_status":"open","sticky":false,"template":"","format":"standard","meta":{"_lmt_disableupdate":"","_lmt_disable":"","_jetpack_memberships_contains_paid_content":false,"footnotes":""},"categories":[109,47],"tags":[],"class_list":["post-43933","post","type-post","status-publish","format-standard","has-post-thumbnail","hentry","category-minuto-a-minuto","category-zona-gris"],"jetpack_featured_media_url":"https:\/\/zonaroja.com.mx\/wp-content\/uploads\/2022\/07\/Droga-cocaina-Ciudad-de-Mexico-Oaxaca.jpeg","jetpack_sharing_enabled":true,"_links":{"self":[{"href":"https:\/\/zonaroja.com.mx\/index.php?rest_route=\/wp\/v2\/posts\/43933","targetHints":{"allow":["GET"]}}],"collection":[{"href":"https:\/\/zonaroja.com.mx\/index.php?rest_route=\/wp\/v2\/posts"}],"about":[{"href":"https:\/\/zonaroja.com.mx\/index.php?rest_route=\/wp\/v2\/types\/post"}],"author":[{"embeddable":true,"href":"https:\/\/zonaroja.com.mx\/index.php?rest_route=\/wp\/v2\/users\/2"}],"replies":[{"embeddable":true,"href":"https:\/\/zonaroja.com.mx\/index.php?rest_route=%2Fwp%2Fv2%2Fcomments&post=43933"}],"version-history":[{"count":1,"href":"https:\/\/zonaroja.com.mx\/index.php?rest_route=\/wp\/v2\/posts\/43933\/revisions"}],"predecessor-version":[{"id":43935,"href":"https:\/\/zonaroja.com.mx\/index.php?rest_route=\/wp\/v2\/posts\/43933\/revisions\/43935"}],"wp:featuredmedia":[{"embeddable":true,"href":"https:\/\/zonaroja.com.mx\/index.php?rest_route=\/wp\/v2\/media\/43934"}],"wp:attachment":[{"href":"https:\/\/zonaroja.com.mx\/index.php?rest_route=%2Fwp%2Fv2%2Fmedia&parent=43933"}],"wp:term":[{"taxonomy":"category","embeddable":true,"href":"https:\/\/zonaroja.com.mx\/index.php?rest_route=%2Fwp%2Fv2%2Fcategories&post=43933"},{"taxonomy":"post_tag","embeddable":true,"href":"https:\/\/zonaroja.com.mx\/index.php?rest_route=%2Fwp%2Fv2%2Ftags&post=43933"}],"curies":[{"name":"wp","href":"https:\/\/api.w.org\/{rel}","templated":true}]}}