{"id":43938,"date":"2022-07-26T22:28:23","date_gmt":"2022-07-27T03:28:23","guid":{"rendered":"http:\/\/www.zonaroja.com.mx\/?p=43938"},"modified":"2022-07-26T22:28:54","modified_gmt":"2022-07-27T03:28:54","slug":"adios-soid-el-senor-de-las-calaveras-y-de-los-elefantes-que-vuelan","status":"publish","type":"post","link":"https:\/\/zonaroja.com.mx\/?p=43938","title":{"rendered":"Adi\u00f3s Soid, el se\u00f1or de las calaveras y de los elefantes que vuelan"},"content":{"rendered":"\n<p>Ismael Garc\u00eda M.\/Zona Roja. Fotos: Facebook<\/p>\n\n\n\n<p>Oaxaca de Ju\u00e1rez, Oax., 26 de julio de 2022.- \u00abSi vuelvo alguna vez por el camino andado, no quiero hallar ni ruinas ni nostalgia. Lo mejor es creer que pas\u00f3 todo como deb\u00eda. Y al final me queda una sola certeza: haber vivido\u00bb.<\/p>\n\n\n\n<p>Como premonici\u00f3n, apenas el 23 de julio, Soid Pastrana Vera escribi\u00f3 en su perfil de Facebook este texto del escritor Jos\u00e9 Emilio Pacheco; este martes por la ma\u00f1ana falleci\u00f3 el artista pl\u00e1stico, dise\u00f1ador y promotor cultural.<\/p>\n\n\n\n<p>Originario de Juchit\u00e1n de Zaragoza y conocido como el se\u00f1or de las calaveras y los elefantes que vuelan -im\u00e1genes constantes en sus obras y dise\u00f1os-, muri\u00f3 debido una enfermedad terminal.<\/p>\n\n\n\n<p>Naci\u00f3 el 2 de mayo de 1970; la primaria la estudi\u00f3 en su natal Juchit\u00e1n de Zaragoza, en la S\u00e9ptima Secci\u00f3n; curs\u00f3 la secundaria en Chiapas, con dificultades econ\u00f3micas concluy\u00f3 el bachillerato y se fue a la ciudad de M\u00e9xico a estudiar la licenciatura en Dise\u00f1o, en el Instituto Nacional de Bellas Artes.<\/p>\n\n\n\n<p>Ah\u00ed comenz\u00f3 su carrera pl\u00e1stica, pero tambi\u00e9n a ganar dinero y a gastarlo en parrandas.<\/p>\n\n\n\n<p>\u201cSoid: \u00bfCu\u00e1ntas noches de farra compartimos en el entonces Distrito Federal? Muchas y a veces con sus d\u00edas: en el Covadonga, el Bombay, en el Bull Pen, en antros de mala muerte y buena vida con oscuros y brillantes personajes de la noche. Noches de Generaci\u00f3n y degeneraci\u00f3n. Ma\u00f1anas de cruda sed en la barbacoa, en los pozoles, all\u00e1 por la Narvarte, Santa Julia, la Roma, la Escand\u00f3n, la San Rafael\u201d, escribo hoy Gustavo L\u00f3pez, al emitir su despedida al artista pl\u00e1stico.<\/p>\n\n\n\n<figure class=\"wp-block-image size-full\"><a href=\"http:\/\/www.zonaroja.com.mx\/wp-content\/uploads\/2022\/07\/Soid-Pastrana.jpeg\" data-rel=\"penci-gallery-image-content\" ><img decoding=\"async\" width=\"828\" height=\"828\" src=\"http:\/\/www.zonaroja.com.mx\/wp-content\/uploads\/2022\/07\/Soid-Pastrana.jpeg\" alt=\"\" class=\"wp-image-43939\" srcset=\"https:\/\/zonaroja.com.mx\/wp-content\/uploads\/2022\/07\/Soid-Pastrana.jpeg 828w, https:\/\/zonaroja.com.mx\/wp-content\/uploads\/2022\/07\/Soid-Pastrana-300x300.jpeg 300w, https:\/\/zonaroja.com.mx\/wp-content\/uploads\/2022\/07\/Soid-Pastrana-150x150.jpeg 150w, https:\/\/zonaroja.com.mx\/wp-content\/uploads\/2022\/07\/Soid-Pastrana-768x768.jpeg 768w, https:\/\/zonaroja.com.mx\/wp-content\/uploads\/2022\/07\/Soid-Pastrana-585x585.jpeg 585w, https:\/\/zonaroja.com.mx\/wp-content\/uploads\/2022\/07\/Soid-Pastrana-640x640.jpeg 640w\" sizes=\"(max-width: 828px) 100vw, 828px\" \/><\/a><\/figure>\n\n\n\n<p>\u201cNoches de pintar juntos aderezando las jornadas con una buena charla y unas cervezas para deglutir las horas. Por cierto en una de esas jornadas en la San Rafael surgi\u00f3 el primer elefante de tu iconograf\u00eda. En fin, recuerdos variopintos con sus altibajos, con excesos y contenciones, al final, haciendo un recuento, creo que, como escribiste hace tres d\u00edas citando a Jos\u00e9 Emilio Pacheco\u201d, record\u00f3 el cantautor oaxaque\u00f1o.<\/p>\n\n\n\n<p>Tras unas dos d\u00e9cadas fuera de Juchit\u00e1n, lapso en que recorri\u00f3 varios pa\u00edses, incluyendo la India, decidi\u00f3 regresar a Oaxaca.<\/p>\n\n\n\n<p>\u201cVengo de los hombres de las nubes, hablo y sue\u00f1o en zapoteco; soy dise\u00f1ador y artista pl\u00e1stico\u201d, dijo a \u201cBicunisa Media\u201d, que difundi\u00f3 su perfil en un video en a\u00f1os recientes.<\/p>\n\n\n\n<p>\u201cMi pintura gira en torno de lo que he caminado. Nunca so\u00f1\u00e9 con llegar a ser un pintor, pero sea como sea, creo que lo he logrado. Por los caminos y lugares que he pisado fuera de M\u00e9xico, he logrado plasmar en mi pintura lo que soy lo que quiero lo que sue\u00f1o.<\/p>\n\n\n\n<p>\u201cRegreso despu\u00e9s de un largo viaje de 20 a\u00f1os de salir de mi pueblo, otra vez a trabajar y ver mi pueblo de otra manera. Soy oaxaque\u00f1o, soy mexicano, soy juchiteco; amo mi pa\u00eds, amo mi pueblo, amo mi cultura. Este soy yo, un loco que se hace llamar Soid Pastrana\u201d, relat\u00f3 en video.<\/p>\n\n\n\n<p>Diversas personalidades, entre ellas la senadora Susana Harp Iturribarr\u00eda y el gobernador Alejandro Murat Hinojosa, as\u00ed como del gobierno federal, han emitido sus condolencias por el deceso de Soid Pastrana, querido por su gente por su altruismo y por apoyar a las artesanas zapotecas.<\/p>\n\n\n\n<p>Video:<\/p>\n\n\n\n<figure class=\"wp-block-embed is-type-video is-provider-vimeo wp-block-embed-vimeo\"><div class=\"wp-block-embed__wrapper\">\n<iframe title=\"SOID PASTRANA, DESDE LA 7MA SECCI&amp;Oacute;N.\" src=\"https:\/\/player.vimeo.com\/video\/137880590?h=bc051e0b89&amp;dnt=1&amp;app_id=122963\" width=\"720\" height=\"576\" frameborder=\"0\" allow=\"autoplay; fullscreen; picture-in-picture\" allowfullscreen><\/iframe>\n<\/div><\/figure>\n","protected":false},"excerpt":{"rendered":"<p>Ismael Garc\u00eda M.\/Zona Roja. Fotos: Facebook Oaxaca de Ju\u00e1rez, Oax., 26 de julio de 2022.-&hellip;<\/p>\n","protected":false},"author":2,"featured_media":43940,"comment_status":"closed","ping_status":"open","sticky":false,"template":"","format":"standard","meta":{"_lmt_disableupdate":"","_lmt_disable":"","_jetpack_memberships_contains_paid_content":false,"footnotes":""},"categories":[109,46],"tags":[3208],"class_list":["post-43938","post","type-post","status-publish","format-standard","has-post-thumbnail","hentry","category-minuto-a-minuto","category-zona-blanca","tag-soid-pastrana-vera"],"jetpack_featured_media_url":"https:\/\/zonaroja.com.mx\/wp-content\/uploads\/2022\/07\/Soid-Pastrana.jpg","jetpack_sharing_enabled":true,"_links":{"self":[{"href":"https:\/\/zonaroja.com.mx\/index.php?rest_route=\/wp\/v2\/posts\/43938","targetHints":{"allow":["GET"]}}],"collection":[{"href":"https:\/\/zonaroja.com.mx\/index.php?rest_route=\/wp\/v2\/posts"}],"about":[{"href":"https:\/\/zonaroja.com.mx\/index.php?rest_route=\/wp\/v2\/types\/post"}],"author":[{"embeddable":true,"href":"https:\/\/zonaroja.com.mx\/index.php?rest_route=\/wp\/v2\/users\/2"}],"replies":[{"embeddable":true,"href":"https:\/\/zonaroja.com.mx\/index.php?rest_route=%2Fwp%2Fv2%2Fcomments&post=43938"}],"version-history":[{"count":2,"href":"https:\/\/zonaroja.com.mx\/index.php?rest_route=\/wp\/v2\/posts\/43938\/revisions"}],"predecessor-version":[{"id":43942,"href":"https:\/\/zonaroja.com.mx\/index.php?rest_route=\/wp\/v2\/posts\/43938\/revisions\/43942"}],"wp:featuredmedia":[{"embeddable":true,"href":"https:\/\/zonaroja.com.mx\/index.php?rest_route=\/wp\/v2\/media\/43940"}],"wp:attachment":[{"href":"https:\/\/zonaroja.com.mx\/index.php?rest_route=%2Fwp%2Fv2%2Fmedia&parent=43938"}],"wp:term":[{"taxonomy":"category","embeddable":true,"href":"https:\/\/zonaroja.com.mx\/index.php?rest_route=%2Fwp%2Fv2%2Fcategories&post=43938"},{"taxonomy":"post_tag","embeddable":true,"href":"https:\/\/zonaroja.com.mx\/index.php?rest_route=%2Fwp%2Fv2%2Ftags&post=43938"}],"curies":[{"name":"wp","href":"https:\/\/api.w.org\/{rel}","templated":true}]}}