{"id":4394,"date":"2019-09-29T09:55:39","date_gmt":"2019-09-29T14:55:39","guid":{"rendered":"https:\/\/www.zonaroja.com.mx\/?p=4394"},"modified":"2019-09-29T09:59:00","modified_gmt":"2019-09-29T14:59:00","slug":"aplica-ejercito-plan-dn-iii-e-ante-inundaciones-y-deslaves-por-lluvias","status":"publish","type":"post","link":"https:\/\/zonaroja.com.mx\/?p=4394","title":{"rendered":"Aplica Ej\u00e9rcito Plan DN-III-E ante inundaciones y deslaves por lluvias"},"content":{"rendered":"\n<p>Redacci\u00f3n\/Zona Roja.<\/p>\n\n\n\n<p>Oaxaca de Ju\u00e1rez, Oax. 29 de septiembre de 2019.- Debido al desbordamiento de r\u00edos en las regiones Mixteca y Costa de Oaxaca, as\u00ed como deslaves y cierre de varios tramos carreteros a causa de las intensas lluvias que se registran desde ayer, el Ej\u00e9rcito Mexicano aplica el Plan DN-III-E.<\/p>\n\n\n\n<p>La Coordinaci\u00f3n Estatal de Protecci\u00f3n Civil de Oaxaca (CEPCO) no tiene hasta ahora una cuantificaci\u00f3n de da\u00f1os y \u00fanicamente inform\u00f3 que mantiene un operativo por los efectos de las lluvias de las \u00faltimas horas. <\/p>\n\n\n\n<p>En un comunicado, detall\u00f3 que se han evacuado a seis familias de R\u00edo Grande, Villa de Tututepec, mismas que fueron trasladadas al refugio temporal que se habilit\u00f3 en la parroquia de Santa Mar\u00eda de Guadalupe, donde se garantiza su permanencia. <\/p>\n\n\n\n<p>Asimismo, inform\u00f3 que debido a un derrumbe sobre la carretera federal n\u00famero 200 a la altura de la comunidad los Limones e Hidalgo Tututepec, el paso se encuentra interrumpido, al igual que sobre la carretera 131 a la altura del paraje \u201cEl Polvor\u00edn\u201d. <\/p>\n\n\n\n<p>La carretera local que comunica de Santa Catarina Juquila al Cerro el Vidrio, a la altura de Santa Mar\u00eda Yolotepec, no hay paso, tampoco en la carretera de Santa Catarina Juquila a R\u00edo Grande, a la altura de la poblaci\u00f3n de Santiago Jocotepec, derivado de un derrumbe en las zonas. <\/p>\n\n\n\n<p>Asimismo, mantiene especial vigilancia en el hospital rural comunitario de R\u00edo Grande, lugar que est\u00e1 siendo afectado por las intensas lluvias que contin\u00faan en la zona. <\/p>\n\n\n\n<p>Detall\u00f3 que los consejos municipales de Protecci\u00f3n Civil se encuentran activos y trabajando para auxiliar a la poblaci\u00f3n, de igual manera se coordinan los apoyos con la 44 Zona Militar quien ha activado el PLAN D-NIII-E. <\/p>\n\n\n\n<p><\/p>\n","protected":false},"excerpt":{"rendered":"<p>Redacci\u00f3n\/Zona Roja. Oaxaca de Ju\u00e1rez, Oax. 29 de septiembre de 2019.- Debido al desbordamiento de&hellip;<\/p>\n","protected":false},"author":2,"featured_media":4393,"comment_status":"closed","ping_status":"open","sticky":false,"template":"","format":"standard","meta":{"_lmt_disableupdate":"","_lmt_disable":"","_jetpack_memberships_contains_paid_content":false,"footnotes":""},"categories":[109,47],"tags":[],"class_list":["post-4394","post","type-post","status-publish","format-standard","has-post-thumbnail","hentry","category-minuto-a-minuto","category-zona-gris"],"jetpack_featured_media_url":"https:\/\/zonaroja.com.mx\/wp-content\/uploads\/2019\/09\/img_2809.jpg","jetpack_sharing_enabled":true,"_links":{"self":[{"href":"https:\/\/zonaroja.com.mx\/index.php?rest_route=\/wp\/v2\/posts\/4394","targetHints":{"allow":["GET"]}}],"collection":[{"href":"https:\/\/zonaroja.com.mx\/index.php?rest_route=\/wp\/v2\/posts"}],"about":[{"href":"https:\/\/zonaroja.com.mx\/index.php?rest_route=\/wp\/v2\/types\/post"}],"author":[{"embeddable":true,"href":"https:\/\/zonaroja.com.mx\/index.php?rest_route=\/wp\/v2\/users\/2"}],"replies":[{"embeddable":true,"href":"https:\/\/zonaroja.com.mx\/index.php?rest_route=%2Fwp%2Fv2%2Fcomments&post=4394"}],"version-history":[{"count":1,"href":"https:\/\/zonaroja.com.mx\/index.php?rest_route=\/wp\/v2\/posts\/4394\/revisions"}],"predecessor-version":[{"id":4395,"href":"https:\/\/zonaroja.com.mx\/index.php?rest_route=\/wp\/v2\/posts\/4394\/revisions\/4395"}],"wp:featuredmedia":[{"embeddable":true,"href":"https:\/\/zonaroja.com.mx\/index.php?rest_route=\/wp\/v2\/media\/4393"}],"wp:attachment":[{"href":"https:\/\/zonaroja.com.mx\/index.php?rest_route=%2Fwp%2Fv2%2Fmedia&parent=4394"}],"wp:term":[{"taxonomy":"category","embeddable":true,"href":"https:\/\/zonaroja.com.mx\/index.php?rest_route=%2Fwp%2Fv2%2Fcategories&post=4394"},{"taxonomy":"post_tag","embeddable":true,"href":"https:\/\/zonaroja.com.mx\/index.php?rest_route=%2Fwp%2Fv2%2Ftags&post=4394"}],"curies":[{"name":"wp","href":"https:\/\/api.w.org\/{rel}","templated":true}]}}