{"id":43960,"date":"2022-07-27T08:06:10","date_gmt":"2022-07-27T13:06:10","guid":{"rendered":"http:\/\/www.zonaroja.com.mx\/?p=43960"},"modified":"2022-07-27T08:06:13","modified_gmt":"2022-07-27T13:06:13","slug":"caso-maria-elena-rios-la-sspo-dispuesto-a-indagatoria","status":"publish","type":"post","link":"https:\/\/zonaroja.com.mx\/?p=43960","title":{"rendered":"Caso Mar\u00eda Elena R\u00edos: la SSPO, dispuesto a indagatoria"},"content":{"rendered":"\n<p>Redacci\u00f3n\/Zona Roja.<\/p>\n\n\n\n<p>Oaxaca de Ju\u00e1rez, Oax., 27 de julio de 2022.- Tras las denuncias de la saxofonista Mar\u00eda Elena R\u00edos Ortiz obre probable represi\u00f3n en su contra, la Secretar\u00eda de Seguridad P\u00fablica de Oaxaca (SSPO) inform\u00f3 que hay una carpeta de investigaci\u00f3n que se mantiene abierta y dar\u00e1 puntual seguimiento a cualquier denuncia formal por agresi\u00f3n o cualquier otra acci\u00f3n.<\/p>\n\n\n\n<p>\u201cAl respecto de la denuncia p\u00fablica en la que se acusa a personal de la SSPO de agresi\u00f3n y represi\u00f3n se informa que, durante la edici\u00f3n vespertina del d\u00eda lunes 25 de julio, dos personas del sexo femenino desplegaron una manta en medio de la presentaci\u00f3n de la delegaci\u00f3n de la regi\u00f3n de la Mixteca, hecho que provoc\u00f3 la molestia de los espectadores que se encontraban detr\u00e1s de ella, puesto que imped\u00eda la visibilidad, lo que deriv\u00f3 en un jaloneo entre los presentes y las ciudadanas mencionadas.<\/p>\n\n\n\n<p>\u201cSobre estos hechos, los elementos de Seguridad P\u00fablica tomaron conocimiento y acudieron a la zona para disuadir el conflicto, ya que por el n\u00famero de asistentes se corr\u00eda el riesgo de un incidente mayor.&nbsp;<\/p>\n\n\n\n<p>\u201cDespu\u00e9s del suceso, ambas personas decidieron retirarse del lugar y fueron<\/p>\n\n\n\n<p>acompa\u00f1adas por el elementos de seguridad que resguardaba los palcos para prevenir cualquier altercado.<\/p>\n\n\n\n<p>\u201cDurante el camino a la salida, una de las manifestantes se identific\u00f3 mediante un video grabado con su celular como Maria Elena R. O.; en estas im\u00e1genes pueden verse cerca de ella elementos de seguridad sin que se perciba en ning\u00fan momento contacto f\u00edsico con alguno de ellos.<\/p>\n\n\n\n<p>\u201cCabe destacar que, con el objetivo de impedir cualquier tipo de impunidad, la carpeta de investigaci\u00f3n sobre este caso se mantiene abierta ante la dependencia correspondiente y se dar\u00e1 seguimiento puntual a cualquier denuncia formal por agresi\u00f3n o cualquier otra acci\u00f3n intimidatoria interpuesta por las posibles afectadas\u201d, inform\u00f3 en un comunicado.<\/p>\n\n\n\n<p>Reiter\u00f3 que el respeto y compromiso del Gobierno del Estado con las libertades de expresi\u00f3n y manifestaci\u00f3n, as\u00ed como su responsabilidad de garantizar la seguridad en todo momento para el pueblo de Oaxaca.<\/p>\n","protected":false},"excerpt":{"rendered":"<p>Redacci\u00f3n\/Zona Roja. Oaxaca de Ju\u00e1rez, Oax., 27 de julio de 2022.- Tras las denuncias de&hellip;<\/p>\n","protected":false},"author":2,"featured_media":43959,"comment_status":"closed","ping_status":"open","sticky":false,"template":"","format":"standard","meta":{"_lmt_disableupdate":"","_lmt_disable":"","_jetpack_memberships_contains_paid_content":false,"footnotes":""},"categories":[109,46],"tags":[1421],"class_list":["post-43960","post","type-post","status-publish","format-standard","has-post-thumbnail","hentry","category-minuto-a-minuto","category-zona-blanca","tag-secretaria-de-seguridad-publica-de-oaxaca-sspo"],"jetpack_featured_media_url":"https:\/\/zonaroja.com.mx\/wp-content\/uploads\/2022\/07\/Policias-seguridad-publica-auditorio-Guelaguetza.jpg","jetpack_sharing_enabled":true,"_links":{"self":[{"href":"https:\/\/zonaroja.com.mx\/index.php?rest_route=\/wp\/v2\/posts\/43960","targetHints":{"allow":["GET"]}}],"collection":[{"href":"https:\/\/zonaroja.com.mx\/index.php?rest_route=\/wp\/v2\/posts"}],"about":[{"href":"https:\/\/zonaroja.com.mx\/index.php?rest_route=\/wp\/v2\/types\/post"}],"author":[{"embeddable":true,"href":"https:\/\/zonaroja.com.mx\/index.php?rest_route=\/wp\/v2\/users\/2"}],"replies":[{"embeddable":true,"href":"https:\/\/zonaroja.com.mx\/index.php?rest_route=%2Fwp%2Fv2%2Fcomments&post=43960"}],"version-history":[{"count":1,"href":"https:\/\/zonaroja.com.mx\/index.php?rest_route=\/wp\/v2\/posts\/43960\/revisions"}],"predecessor-version":[{"id":43961,"href":"https:\/\/zonaroja.com.mx\/index.php?rest_route=\/wp\/v2\/posts\/43960\/revisions\/43961"}],"wp:featuredmedia":[{"embeddable":true,"href":"https:\/\/zonaroja.com.mx\/index.php?rest_route=\/wp\/v2\/media\/43959"}],"wp:attachment":[{"href":"https:\/\/zonaroja.com.mx\/index.php?rest_route=%2Fwp%2Fv2%2Fmedia&parent=43960"}],"wp:term":[{"taxonomy":"category","embeddable":true,"href":"https:\/\/zonaroja.com.mx\/index.php?rest_route=%2Fwp%2Fv2%2Fcategories&post=43960"},{"taxonomy":"post_tag","embeddable":true,"href":"https:\/\/zonaroja.com.mx\/index.php?rest_route=%2Fwp%2Fv2%2Ftags&post=43960"}],"curies":[{"name":"wp","href":"https:\/\/api.w.org\/{rel}","templated":true}]}}