{"id":43962,"date":"2022-07-27T08:38:22","date_gmt":"2022-07-27T13:38:22","guid":{"rendered":"http:\/\/www.zonaroja.com.mx\/?p=43962"},"modified":"2022-07-27T13:21:08","modified_gmt":"2022-07-27T18:21:08","slug":"asesinan-a-otra-persona-en-huajuapan-uno-mas-en-huatulco","status":"publish","type":"post","link":"https:\/\/zonaroja.com.mx\/?p=43962","title":{"rendered":"Asesinan a otra persona en Huajuapan; una m\u00e1s en Huatulco"},"content":{"rendered":"\n<p>Ismael Garc\u00eda M.\/Zona Roja.<\/p>\n\n\n\n<p>Oaxaca de Ju\u00e1rez, Oax., 27 de julio de 2022.- La ola de violencia se incrementa en Huajuapan de Le\u00f3n y la madrugada de este martes fue asesinada otra persona del sexo masculino.<\/p>\n\n\n\n<p>Ocurri\u00f3 en la calle Manuel \u00c1vila Camacho de la colonia Morelos, en que fue hallado el cuerpo sin vida de un individuo, con varios impactos de arma de fuego; a\u00fan no ha sido identificada la v\u00edctima.<\/p>\n\n\n\n<p>Apenas ayer fue atacado a balazos un adolescente de 17 a\u00f1os de edad, en la calle Alfredo R. D\u00edaz de la colonia La Provindencia, quien fue trasladado a un hospital de Huajuapan; fue identificado con las iniciales A. N. N.<\/p>\n\n\n\n<p>Mientras que el domingo 17 de julio en la madrugada, un adolescente muri\u00f3 atacado a balazos, en el exterior de la expoferia; al menos tres m\u00e1s resultaron lesionados de bala.<\/p>\n\n\n\n<p>En la mayor\u00eda de los casos, la Vicefiscal\u00eda Regional de la Mixteca, que preside Hilda Cabrera Ju\u00e1rez, quien se ha caracterizado por subir videos en redes sociales, no ha dado resultados en las indagatorias.<\/p>\n\n\n\n<p>Mientras que el edil surgido del PAN, Luis de Le\u00f3n Mart\u00ednez S\u00e1nchez, a siete meses de su gesti\u00f3n no ha implementado acciones de seguridad para proteger a la poblaci\u00f3n. <\/p>\n\n\n\n<p>En HUATULCO<\/p>\n\n\n\n<p>Por otra parte, este domingo 24 de julio fue localizado sin vida una persona del sexo masculino, en el camino viejo al basurero de Santa Mar\u00eda Huatulco.<\/p>\n\n\n\n<p>El cuerpo se hall\u00f3 en el interior de una camioneta tipo redilas y presenta varias lesiones producidas por un machete, as\u00ed como por disparos de arma de fuego.<\/p>\n\n\n\n<p>Fue identificado posteriormente como David P. Z., de 33 a\u00f1os de edad, quien era chofer de una unidad de servicio de alquiler.<\/p>\n","protected":false},"excerpt":{"rendered":"<p>Ismael Garc\u00eda M.\/Zona Roja. Oaxaca de Ju\u00e1rez, Oax., 27 de julio de 2022.- La ola&hellip;<\/p>\n","protected":false},"author":2,"featured_media":43963,"comment_status":"closed","ping_status":"open","sticky":false,"template":"","format":"standard","meta":{"_lmt_disableupdate":"","_lmt_disable":"","_jetpack_memberships_contains_paid_content":false,"footnotes":""},"categories":[109,51],"tags":[594],"class_list":["post-43962","post","type-post","status-publish","format-standard","has-post-thumbnail","hentry","category-minuto-a-minuto","category-zona-roja","tag-huajuapan-de-leon"],"jetpack_featured_media_url":"https:\/\/zonaroja.com.mx\/wp-content\/uploads\/2022\/07\/Asesinato-Huajuapan-de-Leon.jpg","jetpack_sharing_enabled":true,"_links":{"self":[{"href":"https:\/\/zonaroja.com.mx\/index.php?rest_route=\/wp\/v2\/posts\/43962","targetHints":{"allow":["GET"]}}],"collection":[{"href":"https:\/\/zonaroja.com.mx\/index.php?rest_route=\/wp\/v2\/posts"}],"about":[{"href":"https:\/\/zonaroja.com.mx\/index.php?rest_route=\/wp\/v2\/types\/post"}],"author":[{"embeddable":true,"href":"https:\/\/zonaroja.com.mx\/index.php?rest_route=\/wp\/v2\/users\/2"}],"replies":[{"embeddable":true,"href":"https:\/\/zonaroja.com.mx\/index.php?rest_route=%2Fwp%2Fv2%2Fcomments&post=43962"}],"version-history":[{"count":2,"href":"https:\/\/zonaroja.com.mx\/index.php?rest_route=\/wp\/v2\/posts\/43962\/revisions"}],"predecessor-version":[{"id":43965,"href":"https:\/\/zonaroja.com.mx\/index.php?rest_route=\/wp\/v2\/posts\/43962\/revisions\/43965"}],"wp:featuredmedia":[{"embeddable":true,"href":"https:\/\/zonaroja.com.mx\/index.php?rest_route=\/wp\/v2\/media\/43963"}],"wp:attachment":[{"href":"https:\/\/zonaroja.com.mx\/index.php?rest_route=%2Fwp%2Fv2%2Fmedia&parent=43962"}],"wp:term":[{"taxonomy":"category","embeddable":true,"href":"https:\/\/zonaroja.com.mx\/index.php?rest_route=%2Fwp%2Fv2%2Fcategories&post=43962"},{"taxonomy":"post_tag","embeddable":true,"href":"https:\/\/zonaroja.com.mx\/index.php?rest_route=%2Fwp%2Fv2%2Ftags&post=43962"}],"curies":[{"name":"wp","href":"https:\/\/api.w.org\/{rel}","templated":true}]}}