{"id":4397,"date":"2019-09-29T13:52:15","date_gmt":"2019-09-29T18:52:15","guid":{"rendered":"https:\/\/www.zonaroja.com.mx\/?p=4397"},"modified":"2019-09-29T13:59:54","modified_gmt":"2019-09-29T18:59:54","slug":"aumentan-danos-por-lluvias-en-istmo-costa-y-mixteca","status":"publish","type":"post","link":"https:\/\/zonaroja.com.mx\/?p=4397","title":{"rendered":"Aumentan da\u00f1os por lluvias en Istmo, Costa y Mixteca"},"content":{"rendered":"\n<p>Redacci\u00f3n\/Zona Roja.<\/p>\n\n\n\n<p>Se atiende a poblaci\u00f3n afectada por las lluvias: CEPCO<\/p>\n\n\n\n<p>Oaxaca de Ju\u00e1rez, Oax. 29 de septiembre de 2019.- Los da\u00f1os causados por las lluvias de la Tormenta Tropical \u201cNarda\u201d se incrementaron en las regiones de la Costa, Mixteca e Istmo de Tehuantepec, aunque no hay a\u00fan no hay n\u00famero de viviendas y carreteras afectadas. <\/p>\n\n\n\n<p>En un comunicado, la Coordinaci\u00f3n Estatal de Protecci\u00f3n Civil de Oaxaca (CEPCO) report\u00f3 que se ha desplegado personal de esa instancia, del Ej\u00e9rcito Mexicano y de la Secretar\u00eda de Seguridad P\u00fablica de Oaxaca para dar apoyo a la poblaci\u00f3n afectada.<\/p>\n\n\n\n<p>En la regi\u00f3n dela Costa, en el municipio de Santa Catarina Juquila, se present\u00f3 un derrumbe de cerro, el cual sepult\u00f3 una carnicer\u00eda y una tienda de ropa en la calle principal a la altura de la antena de Telmex \u2013 callej\u00f3n de Reliquias; ante esta situaci\u00f3n se reportan s\u00f3lo da\u00f1os materiales; asimismo, se realiz\u00f3 la evacuaci\u00f3n de la zona, y se trabaja para la remoci\u00f3n de escombros, activ\u00e1ndose el PLAN DN-III-E<\/p>\n\n\n\n<p>Tambi\u00e9n en la regi\u00f3n de la Costa, en el municipio de Villa de Tututepec se mantiene especial vigilancia en el hospital rural comunitario de R\u00edo Grande, lugar que est\u00e1 siendo afectado por las intensas lluvias que contin\u00faan en la zona; en este momento se trabaja en coordinaci\u00f3n con la Jurisdicci\u00f3n Sanitaria y se valora la evacuaci\u00f3n.<\/p>\n\n\n\n<p>Asimismo, en los derrumbes que se presentaron en la carretera federal 200 a la altura de la comunidad Los Limones e Hidalgo, Tututepec; carretera 131 kil\u00f3metro 168, Sola de Vega-Puerto Escondido, a la altura del paraje El Polvor\u00edn; carretera federal 131 Santa Catarina Juquila- El Vidrio a la altura de Santa Mar\u00eda Yolotepec; y en la carretera federal 131 Santa Catarina Juquila \u2013 R\u00edo Grande Tututepec, a la altura de Santiago Jocotepec, ya se encuentra trabajando personal de Caminos y Aeropistas de Oaxaca (CAO) y SCT para liberar el paso.<\/p>\n\n\n\n<p>En tanto, que en la regi\u00f3n de la Mixteca, en el municipio de Asunci\u00f3n Nochixtl\u00e1n, se presenta anegaci\u00f3n de agua en el centro del municipio por problemas con el drenaje, en el lugar se mantienen operativos de vigilancia con recorridos en la zona. En Juxtlahuaca se han activado refugios temporales en la USI y el DIF, y se mantiene el PLAN DN-III-E en la&nbsp;<a href=\"\/\/1\">calle Luis Chora Guzm\u00e1n 104 en la colonia L\u00e1zaro C\u00e1rdenas<\/a>.<\/p>\n\n\n\n<p>En San Sebasti\u00e1n Tecomaxtlahuaca, con el desbordamiento de los r\u00edos Sabino, Solo Verde y Centro, y Arroyo Seco se evacuan a familias y se tapa el paso que conduce a San Mart\u00edn Duraznos.<\/p>\n\n\n\n<p>Mientras que en la regi\u00f3n del Istmo, en la colonia Los Pinos en el municipio de Juchit\u00e1n, 25 familias resultaron afectadas por anegaci\u00f3n de agua en viviendas, en esta zona ya se ha activado un refugio temporal, mismo que se exhorta a la poblaci\u00f3n a utilizarlo.<\/p>\n\n\n\n<p>En Santo Domingo Tehuantepec viviendas afectadas por los sismos muestran da\u00f1os, cayendo tejas y adobe, por lo que se acordonaron los lugares y se emiten recomendaciones a la poblaci\u00f3n para que no se acerquen a la zona.<\/p>\n\n\n\n<p>Tambi\u00e9n en este mismo municipio, en el sub tramo carretero San Juan Lajarcia-Totolapam carretera 190 Panamericana presenta rocas sobre la cinta asf\u00e1ltica por deslave de cerro, por lo que personal de Caminos y Aeropistas de Oaxaca (CAO) y SCT se encuentran trabajando en el lugar para liberar el paso.<\/p>\n","protected":false},"excerpt":{"rendered":"<p>Redacci\u00f3n\/Zona Roja. Se atiende a poblaci\u00f3n afectada por las lluvias: CEPCO Oaxaca de Ju\u00e1rez, Oax.&hellip;<\/p>\n","protected":false},"author":2,"featured_media":4396,"comment_status":"closed","ping_status":"open","sticky":false,"template":"","format":"standard","meta":{"_lmt_disableupdate":"","_lmt_disable":"","_jetpack_memberships_contains_paid_content":false,"footnotes":""},"categories":[1],"tags":[],"class_list":["post-4397","post","type-post","status-publish","format-standard","has-post-thumbnail","hentry","category-sin-categoria"],"jetpack_featured_media_url":"https:\/\/zonaroja.com.mx\/wp-content\/uploads\/2019\/09\/bbf7ef54-d7ac-4aaa-99bf-6677955d1068.jpg","jetpack_sharing_enabled":true,"_links":{"self":[{"href":"https:\/\/zonaroja.com.mx\/index.php?rest_route=\/wp\/v2\/posts\/4397","targetHints":{"allow":["GET"]}}],"collection":[{"href":"https:\/\/zonaroja.com.mx\/index.php?rest_route=\/wp\/v2\/posts"}],"about":[{"href":"https:\/\/zonaroja.com.mx\/index.php?rest_route=\/wp\/v2\/types\/post"}],"author":[{"embeddable":true,"href":"https:\/\/zonaroja.com.mx\/index.php?rest_route=\/wp\/v2\/users\/2"}],"replies":[{"embeddable":true,"href":"https:\/\/zonaroja.com.mx\/index.php?rest_route=%2Fwp%2Fv2%2Fcomments&post=4397"}],"version-history":[{"count":1,"href":"https:\/\/zonaroja.com.mx\/index.php?rest_route=\/wp\/v2\/posts\/4397\/revisions"}],"predecessor-version":[{"id":4398,"href":"https:\/\/zonaroja.com.mx\/index.php?rest_route=\/wp\/v2\/posts\/4397\/revisions\/4398"}],"wp:featuredmedia":[{"embeddable":true,"href":"https:\/\/zonaroja.com.mx\/index.php?rest_route=\/wp\/v2\/media\/4396"}],"wp:attachment":[{"href":"https:\/\/zonaroja.com.mx\/index.php?rest_route=%2Fwp%2Fv2%2Fmedia&parent=4397"}],"wp:term":[{"taxonomy":"category","embeddable":true,"href":"https:\/\/zonaroja.com.mx\/index.php?rest_route=%2Fwp%2Fv2%2Fcategories&post=4397"},{"taxonomy":"post_tag","embeddable":true,"href":"https:\/\/zonaroja.com.mx\/index.php?rest_route=%2Fwp%2Fv2%2Ftags&post=4397"}],"curies":[{"name":"wp","href":"https:\/\/api.w.org\/{rel}","templated":true}]}}