{"id":43970,"date":"2022-07-27T19:18:43","date_gmt":"2022-07-28T00:18:43","guid":{"rendered":"http:\/\/www.zonaroja.com.mx\/?p=43970"},"modified":"2022-07-27T19:19:31","modified_gmt":"2022-07-28T00:19:31","slug":"cobija-defensora-de-derechos-humanos-a-maria-elena","status":"publish","type":"post","link":"https:\/\/zonaroja.com.mx\/?p=43970","title":{"rendered":"Cobija Defensor\u00eda de Derechos Humanos a Mar\u00eda Elena"},"content":{"rendered":"\n<p>Redacci\u00f3n\/Zona Roja.<\/p>\n\n\n\n<p>Oaxaca de Ju\u00e1rez, Oax., 27 de julio de 2022.- Tras la probable agresi\u00f3n a la saxofonista Mar\u00eda Elena R\u00edos Ortiz, la Defensor\u00eda de los Derechos Humanos del Pueblo de Oaxaca dict\u00f3 medidas cautelares, por&nbsp;la denuncia&nbsp;que realiz\u00f3 a&nbsp;trav\u00e9s de&nbsp;sus&nbsp;redes sociales.<\/p>\n\n\n\n<p>La joven v\u00edctima de ataque con \u00e1cido en Huajuapan de Le\u00f3n, acus\u00f3&nbsp;violaciones a su derecho humano a la libre manifestaci\u00f3n de ideas, cometidos en el marco de una protesta&nbsp;que llev\u00f3 a cabo en&nbsp;el auditorio \u201cGuelaguetza\u201d, durante la emisi\u00f3n vespertina del Lunes del Cerro.<\/p>\n\n\n\n<p>Por ello, el organismo inici\u00f3 el expediente DDHPO\/1141\/(01)\/OAX\/2022, &nbsp;a trav\u00e9s del cual&nbsp;requiri\u00f3 a la Secretar\u00eda de Seguridad P\u00fablica (SSP) que adoptara&nbsp;una&nbsp;medida cautelar, consistente en abstenerse de causar en perjuicio de la persona, familia, bienes, posesiones o derechos de Mar\u00eda Elena R\u00edos Ortiz.&nbsp;<\/p>\n\n\n\n<p>La instituci\u00f3n que encabeza Bernardo Rodr\u00edguez Alamilla resalt\u00f3 la importancia de que los Estados sean sensibles a la exigencia de justicia de las mujeres en un contexto hist\u00f3rico de serias violaciones a sus derechos.&nbsp;<\/p>\n\n\n\n<p>Por lo que la DDHPO hizo un llamado para que se refuerce, en&nbsp;la pol\u00edtica interior, acciones que lleven a cumplir con las obligaciones generales establecidas en los art\u00edculos 8 y 25 de la Convenci\u00f3n Americana, as\u00ed como en las derivadas de la Convenci\u00f3n de Bel\u00e9m do Par\u00e1, en materia de&nbsp;protecci\u00f3n&nbsp;de los derechos humanos de las mujeres.&nbsp;<\/p>\n\n\n\n<p>Asimismo, a que las instituciones responsables de erradicar la violencia contra las mujeres,&nbsp;brinden&nbsp;confianza a las v\u00edctimas para su protecci\u00f3n y no incurran,&nbsp;de ninguna manera, en actos que las agravien.<\/p>\n\n\n\n<p>La Defensor\u00eda refrend\u00f3 su compromiso de brindar atenci\u00f3n a toda la sociedad y velar por el respeto a los derechos humanos de todas y todos.<\/p>\n\n\n\n<p>Asimismo, la DDHPO pidi\u00f3 a la Secretar\u00eda de Seguridad P\u00fablica de Oaxaca que rinda un informe sobre lo ocurrido en el marco de la protesta, as\u00ed como la intervenci\u00f3n que efectuaron los elementos policiacos.&nbsp;<\/p>\n","protected":false},"excerpt":{"rendered":"<p>Redacci\u00f3n\/Zona Roja. Oaxaca de Ju\u00e1rez, Oax., 27 de julio de 2022.- Tras la probable agresi\u00f3n&hellip;<\/p>\n","protected":false},"author":2,"featured_media":43956,"comment_status":"closed","ping_status":"open","sticky":false,"template":"","format":"standard","meta":{"_lmt_disableupdate":"","_lmt_disable":"","_jetpack_memberships_contains_paid_content":false,"footnotes":""},"categories":[109,46],"tags":[287,1124],"class_list":["post-43970","post","type-post","status-publish","format-standard","has-post-thumbnail","hentry","category-minuto-a-minuto","category-zona-blanca","tag-ddhpo","tag-maria-elena-rios-ortiz"],"jetpack_featured_media_url":"https:\/\/zonaroja.com.mx\/wp-content\/uploads\/2022\/07\/Maria-Elena-Rios.jpg","jetpack_sharing_enabled":true,"_links":{"self":[{"href":"https:\/\/zonaroja.com.mx\/index.php?rest_route=\/wp\/v2\/posts\/43970","targetHints":{"allow":["GET"]}}],"collection":[{"href":"https:\/\/zonaroja.com.mx\/index.php?rest_route=\/wp\/v2\/posts"}],"about":[{"href":"https:\/\/zonaroja.com.mx\/index.php?rest_route=\/wp\/v2\/types\/post"}],"author":[{"embeddable":true,"href":"https:\/\/zonaroja.com.mx\/index.php?rest_route=\/wp\/v2\/users\/2"}],"replies":[{"embeddable":true,"href":"https:\/\/zonaroja.com.mx\/index.php?rest_route=%2Fwp%2Fv2%2Fcomments&post=43970"}],"version-history":[{"count":2,"href":"https:\/\/zonaroja.com.mx\/index.php?rest_route=\/wp\/v2\/posts\/43970\/revisions"}],"predecessor-version":[{"id":43972,"href":"https:\/\/zonaroja.com.mx\/index.php?rest_route=\/wp\/v2\/posts\/43970\/revisions\/43972"}],"wp:featuredmedia":[{"embeddable":true,"href":"https:\/\/zonaroja.com.mx\/index.php?rest_route=\/wp\/v2\/media\/43956"}],"wp:attachment":[{"href":"https:\/\/zonaroja.com.mx\/index.php?rest_route=%2Fwp%2Fv2%2Fmedia&parent=43970"}],"wp:term":[{"taxonomy":"category","embeddable":true,"href":"https:\/\/zonaroja.com.mx\/index.php?rest_route=%2Fwp%2Fv2%2Fcategories&post=43970"},{"taxonomy":"post_tag","embeddable":true,"href":"https:\/\/zonaroja.com.mx\/index.php?rest_route=%2Fwp%2Fv2%2Ftags&post=43970"}],"curies":[{"name":"wp","href":"https:\/\/api.w.org\/{rel}","templated":true}]}}