{"id":43979,"date":"2022-07-28T10:26:00","date_gmt":"2022-07-28T15:26:00","guid":{"rendered":"http:\/\/www.zonaroja.com.mx\/?p=43979"},"modified":"2022-07-28T07:03:52","modified_gmt":"2022-07-28T12:03:52","slug":"opinion-la-ciudad-educadora","status":"publish","type":"post","link":"https:\/\/zonaroja.com.mx\/?p=43979","title":{"rendered":"Opini\u00f3n. La ciudad educadora"},"content":{"rendered":"\n<p>N\u00e9stor Y. S\u00e1nchez Islas<\/p>\n\n\n\n<p>Como parte del eslogan propagand\u00edstico del ayuntamiento de Oaxaca de Ju\u00e1rez se incluy\u00f3 la frase \u201cpor una ciudad educadora\u201d. Pero \u00bfQu\u00e9 es una ciudad educadora?<\/p>\n\n\n\n<p>De acuerdo con la Asociaci\u00f3n Internacional de Ciudades Educadoras, de la que forma parte Oaxaca, un ciudad educadora es \u201caquella que apuesta por la educaci\u00f3n como herramienta de transformaci\u00f3n social\u201d, lo que se logra con nuestros actos y nuestras palabras, de acuerdo con informaci\u00f3n del sitio web de la Asociaci\u00f3n&nbsp;Mundial de Ciudades Educadoras:&nbsp;https:\/\/www.edcities.org\/<\/p>\n\n\n\n<p>\u201cLa educaci\u00f3n tiene lugar a trav\u00e9s de m\u00faltiples espacios, situaciones y agentes muy diversos. Dichos agentes son las m\u00faltiples instituciones, la diversidad de personas que aportan su experiencia y transmiten valores. La ciudad educadora no se limita al gobierno municipal, es un proyecto de toda una ciudad basado en el di\u00e1logo entre el gobierno, la sociedad civil y las ciudades del mundo\u201d, dice&nbsp;un&nbsp;video en la misma p\u00e1gina web.<\/p>\n\n\n\n<p>Se trata de mejorar el bienestar de los habitantes, se promueva la igualdad de oportunidades y la educaci\u00f3n en valores democr\u00e1ticos y la cooperaci\u00f3n internacional. Se estimula la participaci\u00f3n ciudadana, se fomenta la conciencia de lo p\u00fablico como un bien com\u00fan, se valora la&nbsp;convivencia&nbsp;y el respeto a la diversidad&nbsp;y respeto a los derechos.<\/p>\n\n\n\n<p>Existe una carta de las ciudades educadoras, que se fundamenta en la declaraci\u00f3n de los derechos humanos, el compromiso de eliminaci\u00f3n de todo tipo de discriminaci\u00f3n, el pacto sobre los derechos del ni\u00f1o y otros acuerdos internacionales.&nbsp;Son tres grandes cap\u00edtulos los que comprenden este proyecto: el derecho a la ciudad educadora; el compromiso de la ciudad y el servicio integral a las personas.<\/p>\n\n\n\n<p>La asociaci\u00f3n naci\u00f3&nbsp;en Barcelona en 1990 y se han ido sumando ciudades alrededor del mundo que forman, por ejemplo, la red portuguesa, la red italiana o la red argentina de entidades educadoras.<\/p>\n\n\n\n<p>De acuerdo con la informaci\u00f3n del propio sitio web, la mayor\u00eda de las ciudades educadoras est\u00e1n en Europa y algunos pa\u00edses desarrollados de Asia y Ocean\u00eda. Europa cuenta con 364 ciudades asociadas, Am\u00e9rica con apenas 81, \u00c1frica con 7 y Asia-Pac\u00edfico con apenas 30.&nbsp;<\/p>\n\n\n\n<p>Esto nos deja ver que el proyecto de ciudades educadoras aplica con poblaciones m\u00e1s&nbsp;maduras&nbsp;y conscientes que la nuestra. M\u00e9xico, en total, hoy en d\u00eda solo porta 14, la mayor\u00eda con un perfil tur\u00edstico, como Oaxaca, San Crist\u00f3bal de las Casas, Le\u00f3n, Morelia, Guanajuato o la Ciudad de M\u00e9xico.<\/p>\n\n\n\n<p>En general, la iniciativa por las ciudades educadoras es positivo, m\u00e1xime en una ciudad como Oaxaca en donde el civismo brilla por su ausencia, en que los habitantes no ensa\u00f1amos con nuestra propia casa y la vandalizamos con cualquier pretexto.<\/p>\n\n\n\n<p>Una actitud civilizatoria hace mucha falta y no deber\u00eda limitarse al ayuntamiento de Oaxaca de Ju\u00e1rez sino a todo el territorio estatal. Por ejemplo, en lugar de aplicar millones de pesos a la promoci\u00f3n del gobernador en sus sue\u00f1os presidenciales&nbsp;deber\u00edan invertirse en campa\u00f1as de educaci\u00f3n c\u00edvica&nbsp;que tienen m\u00e1s impacto social que&nbsp;una campa\u00f1a&nbsp;pol\u00edtica.<\/p>\n\n\n\n<p>Pretender crear una ciudad educadora en la cuna de la tragedia educativa provocada por el magisterio&nbsp;mafioso puede tener m\u00e1s de una lectura. Pueden existir motivos sinceros dado el desastre cotidiano que padecemos en la ciudad capital y que es necesario detener. Puede ser que solo sea una propuesta coyuntural derivada de una agenda pol\u00edtica con miras a la senadur\u00eda de 2024 y la gubernatura despu\u00e9s.<\/p>\n\n\n\n<p>No existe duda de que el cambio que detendr\u00e1 el deterioro vendr\u00e1 de una sociedad educada, pero es dif\u00edcil creerles a los pol\u00edticos. Para tomar en serio la intenci\u00f3n educadora habr\u00e1 que involucrar a muchos actores sociales, uno de ellos, y muy importante,&nbsp;sonlos medios de comunicaci\u00f3n.<\/p>\n\n\n\n<p>Aun&nbsp;cuando no existan m\u00e1s que buenas intenciones, la pretensi\u00f3n educadora tocar\u00e1 intereses de algunos grupos de presi\u00f3n que se opondr\u00e1n con cualquier motivo y ya encontrar\u00e1n la forma de descalificar cualquier esfuerzo que trate de detener el deterioro conductual de la gran masa oaxaque\u00f1a: es burgu\u00e9s, es opresivo,&nbsp;es discriminatorio, es excluyente y toda una serie de&nbsp;descalificativos que los agitadores guardan en su arsenal.<\/p>\n\n\n\n<p>No deja de llamar la atenci\u00f3n que la pretensi\u00f3n educadora surja del&nbsp;grupo pol\u00edtico de los&nbsp;agitadores que&nbsp;crearon el desastre oaxaque\u00f1o. Los que invadieron y despojaron&nbsp;grandes&nbsp;terrenos,&nbsp;llenaron&nbsp;de ambulantes las ciudades,&nbsp;los que acabaron con la&nbsp;educaci\u00f3n&nbsp;b\u00e1sica y&nbsp;superior, los que han hecho de los desmanes, bloqueos y plantones&nbsp;su modo de vida,&nbsp;los que se burlan de la ley,&nbsp;los destructores de la infraestructura urbana, ahora reunidos en el&nbsp;nuevo&nbsp;partido hegem\u00f3nico.<\/p>\n\n\n\n<p>Para educar&nbsp;es necesario&nbsp;algo de lo que carecen notoriamente: el buen ejemplo y la autoridad moral.<\/p>\n\n\n\n<p>El diagn\u00f3stico es correcto y la soluci\u00f3n propuesta tambi\u00e9n:&nbsp;educar.&nbsp;El problema ahora es quienes y c\u00f3mo dar\u00e1n esa educaci\u00f3n&nbsp;a una poblaci\u00f3n altamente indisciplinada&nbsp;y acostumbrada a victimizarse.<\/p>\n\n\n\n<p>Twitter @nestoryuri<\/p>\n","protected":false},"excerpt":{"rendered":"<p>N\u00e9stor Y. S\u00e1nchez Islas Como parte del eslogan propagand\u00edstico del ayuntamiento de Oaxaca de Ju\u00e1rez&hellip;<\/p>\n","protected":false},"author":2,"featured_media":41861,"comment_status":"closed","ping_status":"open","sticky":false,"template":"","format":"standard","meta":{"_lmt_disableupdate":"","_lmt_disable":"","_jetpack_memberships_contains_paid_content":false,"footnotes":""},"categories":[456,109],"tags":[3050],"class_list":["post-43979","post","type-post","status-publish","format-standard","has-post-thumbnail","hentry","category-columna","category-minuto-a-minuto","tag-nestor-yuri-sanchez"],"jetpack_featured_media_url":"https:\/\/zonaroja.com.mx\/wp-content\/uploads\/2022\/05\/Opinion-Nestor-Yuri-Sanchez-Islas.jpg","jetpack_sharing_enabled":true,"_links":{"self":[{"href":"https:\/\/zonaroja.com.mx\/index.php?rest_route=\/wp\/v2\/posts\/43979","targetHints":{"allow":["GET"]}}],"collection":[{"href":"https:\/\/zonaroja.com.mx\/index.php?rest_route=\/wp\/v2\/posts"}],"about":[{"href":"https:\/\/zonaroja.com.mx\/index.php?rest_route=\/wp\/v2\/types\/post"}],"author":[{"embeddable":true,"href":"https:\/\/zonaroja.com.mx\/index.php?rest_route=\/wp\/v2\/users\/2"}],"replies":[{"embeddable":true,"href":"https:\/\/zonaroja.com.mx\/index.php?rest_route=%2Fwp%2Fv2%2Fcomments&post=43979"}],"version-history":[{"count":1,"href":"https:\/\/zonaroja.com.mx\/index.php?rest_route=\/wp\/v2\/posts\/43979\/revisions"}],"predecessor-version":[{"id":43980,"href":"https:\/\/zonaroja.com.mx\/index.php?rest_route=\/wp\/v2\/posts\/43979\/revisions\/43980"}],"wp:featuredmedia":[{"embeddable":true,"href":"https:\/\/zonaroja.com.mx\/index.php?rest_route=\/wp\/v2\/media\/41861"}],"wp:attachment":[{"href":"https:\/\/zonaroja.com.mx\/index.php?rest_route=%2Fwp%2Fv2%2Fmedia&parent=43979"}],"wp:term":[{"taxonomy":"category","embeddable":true,"href":"https:\/\/zonaroja.com.mx\/index.php?rest_route=%2Fwp%2Fv2%2Fcategories&post=43979"},{"taxonomy":"post_tag","embeddable":true,"href":"https:\/\/zonaroja.com.mx\/index.php?rest_route=%2Fwp%2Fv2%2Ftags&post=43979"}],"curies":[{"name":"wp","href":"https:\/\/api.w.org\/{rel}","templated":true}]}}