{"id":43981,"date":"2022-07-28T09:00:00","date_gmt":"2022-07-28T14:00:00","guid":{"rendered":"http:\/\/www.zonaroja.com.mx\/?p=43981"},"modified":"2022-07-28T07:23:39","modified_gmt":"2022-07-28T12:23:39","slug":"respaldan-108-colectivos-y-220-activistas-a-maria-elena-rios","status":"publish","type":"post","link":"https:\/\/zonaroja.com.mx\/?p=43981","title":{"rendered":"Respaldan 108 colectivos y 220 activistas a Mar\u00eda Elena R\u00edos"},"content":{"rendered":"\n<p>Redacci\u00f3n\/Zona Roja.<\/p>\n\n\n\n<p>Oaxaca de Ju\u00e1rez, Oax., 28 de julio de 2022.- &nbsp;Diversas organizaciones feministas, integrantes de la sociedad civil y mujeres indignadas rechazaron la agresi\u00f3n de la cual fue v\u00edctima la saxofonista oaxaque\u00f1a Mar\u00eda Elena R\u00edos por personal de Alejandro Murat Hinojosa, el pasado lunes durante la funci\u00f3n vespertina de la Guelaguetza 2022, cuando ejerc\u00eda su leg\u00edtimo derecho a la manifestaci\u00f3n.&nbsp;<\/p>\n\n\n\n<p>A trav\u00e9s de un pronunciamiento p\u00fablico y firmado por 108 organizaciones feministas&nbsp;y&nbsp;asociaciones civiles&nbsp;y&nbsp;220 activistas y mujeres a t\u00edtulo personal de todo el pa\u00eds,&nbsp;mostraron su indignaci\u00f3n ante esta agresi\u00f3n en la cual se le revictimiza, y condenaron la violencia f\u00edsica que sufri\u00f3 al manifestarse de forma pac\u00edfica en exigencia de justicia.&nbsp;<\/p>\n\n\n\n<p>Lo anterior, luego de que la saxofonista mixteca&nbsp;mostrar\u00e1 desde las gradas una manta con la leyenda&nbsp;\u201cOaxaca Feminicida\u201d, en alusi\u00f3n al incremento exacerbado de&nbsp;feminicidios&nbsp;en la entidad&nbsp;y la impunidad lacerante y permisiva.&nbsp;<\/p>\n\n\n\n<p>Las diversas feministas,&nbsp;colectivas e integrantes de la sociedad civil de&nbsp;Oaxaca y del pa\u00eds,&nbsp;denunciaron la&nbsp;protecci\u00f3n de Alejandro Murat Hinojosa a&nbsp; Juan Antonio Vera Hern\u00e1ndez, quien se encuentra actualmente pr\u00f3fugo de la justicia; \u00e9l es hijo del exdiputado del PRI, Juan Antonio Vera Carrizal, hoy preso por su presunta participaci\u00f3n intelectual en la agresi\u00f3n contra Mar\u00eda Elena R\u00edos.&nbsp;<br>A la indignaci\u00f3n masiva,&nbsp;se sum\u00f3 la exigencia al Fiscal General del Estado de Oaxaca, Arturo Peimbert Calvo, para que ejecute la orden de aprehensi\u00f3n en contra de Juan Antonio Vera Hern\u00e1ndez.&nbsp;<br>Adem\u00e1s, las colectivas&nbsp;y&nbsp;organizaciones de mujeres firmantes, demandaron una investigaci\u00f3n y sanci\u00f3n inmediata al abuso de poder que se cometi\u00f3 este lunes al agredir a Mar\u00eda Elena R\u00edos, toda vez que existen videos p\u00fablicos que hacen evidente la identidad de los agresores y de sus superiores jer\u00e1rquicos.&nbsp;&nbsp;<br>En ese sentido, se\u00f1alaron que,&nbsp;desde el 1 de diciembre del 2016 a la fecha, la inacci\u00f3n ha sido el com\u00fan denominador de la administraci\u00f3n de Alejandro Murat Hinojosa en \u00e9ste y todos los casos de violencia contra las mujeres, pues son la impunidad, la injusticia, la corrupci\u00f3n, el abuso de poder y la frivolidad lo que ha destacado durante el sexenio, tiene como resultado 666&nbsp;feminicidios&nbsp;durante su administraci\u00f3n.&nbsp;<\/p>\n\n\n\n<p>Finalmente, hicieron un llamado a la sociedad oaxaque\u00f1a y a las mujeres a expresar libremente su indignaci\u00f3n por el Oaxaca feminicida y la impunidad que prevalece en el estado asegurando que: \u201c\u00a1Si tocan a una, nos tocan a todas!\u201d.<\/p>\n\n\n\n<p>(Comunicado)<\/p>\n","protected":false},"excerpt":{"rendered":"<p>Redacci\u00f3n\/Zona Roja. Oaxaca de Ju\u00e1rez, Oax., 28 de julio de 2022.- &nbsp;Diversas organizaciones feministas, integrantes&hellip;<\/p>\n","protected":false},"author":2,"featured_media":43982,"comment_status":"closed","ping_status":"open","sticky":false,"template":"","format":"standard","meta":{"_lmt_disableupdate":"","_lmt_disable":"","_jetpack_memberships_contains_paid_content":false,"footnotes":""},"categories":[109,47],"tags":[1124],"class_list":["post-43981","post","type-post","status-publish","format-standard","has-post-thumbnail","hentry","category-minuto-a-minuto","category-zona-gris","tag-maria-elena-rios-ortiz"],"jetpack_featured_media_url":"https:\/\/zonaroja.com.mx\/wp-content\/uploads\/2022\/07\/Pronunciamiento-a-favor-de-Maria-Elena-Rios.jpg","jetpack_sharing_enabled":true,"_links":{"self":[{"href":"https:\/\/zonaroja.com.mx\/index.php?rest_route=\/wp\/v2\/posts\/43981","targetHints":{"allow":["GET"]}}],"collection":[{"href":"https:\/\/zonaroja.com.mx\/index.php?rest_route=\/wp\/v2\/posts"}],"about":[{"href":"https:\/\/zonaroja.com.mx\/index.php?rest_route=\/wp\/v2\/types\/post"}],"author":[{"embeddable":true,"href":"https:\/\/zonaroja.com.mx\/index.php?rest_route=\/wp\/v2\/users\/2"}],"replies":[{"embeddable":true,"href":"https:\/\/zonaroja.com.mx\/index.php?rest_route=%2Fwp%2Fv2%2Fcomments&post=43981"}],"version-history":[{"count":1,"href":"https:\/\/zonaroja.com.mx\/index.php?rest_route=\/wp\/v2\/posts\/43981\/revisions"}],"predecessor-version":[{"id":43983,"href":"https:\/\/zonaroja.com.mx\/index.php?rest_route=\/wp\/v2\/posts\/43981\/revisions\/43983"}],"wp:featuredmedia":[{"embeddable":true,"href":"https:\/\/zonaroja.com.mx\/index.php?rest_route=\/wp\/v2\/media\/43982"}],"wp:attachment":[{"href":"https:\/\/zonaroja.com.mx\/index.php?rest_route=%2Fwp%2Fv2%2Fmedia&parent=43981"}],"wp:term":[{"taxonomy":"category","embeddable":true,"href":"https:\/\/zonaroja.com.mx\/index.php?rest_route=%2Fwp%2Fv2%2Fcategories&post=43981"},{"taxonomy":"post_tag","embeddable":true,"href":"https:\/\/zonaroja.com.mx\/index.php?rest_route=%2Fwp%2Fv2%2Ftags&post=43981"}],"curies":[{"name":"wp","href":"https:\/\/api.w.org\/{rel}","templated":true}]}}