{"id":43984,"date":"2022-07-28T07:38:48","date_gmt":"2022-07-28T12:38:48","guid":{"rendered":"http:\/\/www.zonaroja.com.mx\/?p=43984"},"modified":"2022-07-28T07:38:50","modified_gmt":"2022-07-28T12:38:50","slug":"sentencian-a-30-anos-de-prision-a-mujer-que-prostituyo-a-su-nuera","status":"publish","type":"post","link":"https:\/\/zonaroja.com.mx\/?p=43984","title":{"rendered":"Sentencian a 30 a\u00f1os de prisi\u00f3n a mujer que prostituy\u00f3 a su nuera"},"content":{"rendered":"\n<p>Redacci\u00f3n\/Zona Roja.&nbsp;<\/p>\n\n\n\n<p>Oaxaca de Ju\u00e1rez, Oax., 30 de julio de 2022.- La Fiscal\u00eda General del Estado de Oaxaca (FGEO) obtuvo, del Tribunal de Enjuiciamiento, sentencia condenatoria de 30 a\u00f1os de prisi\u00f3n contra una mujer identificada como N. (Norma) R. P. P, se\u00f1alada como responsable del delito de trata de personas y explotaci\u00f3n sexual por prostituci\u00f3n ajena, en agravio&nbsp;de una mujer de identidad reservada, cometido en jurisdicci\u00f3n de la Villa de Zaachila, en la regi\u00f3n de Valles Centrales.<\/p>\n\n\n\n<p>De acuerdo con la carpeta de investigaci\u00f3n 4270\/UETP\/2019, entre los meses de octubre y diciembre de 2018, la responsable oblig\u00f3 a la v\u00edctima a ejercer la prostituci\u00f3n en un bar ubicado en la demarcaci\u00f3n antes mencionada, amenaz\u00e1ndola con atentar contra su vida y quitarle a sus hijos, si no se somet\u00eda a dicha explotaci\u00f3n.<\/p>\n\n\n\n<p>Ante este hecho y luego de la denuncia presentada, la instituci\u00f3n de procuraci\u00f3n de justicia inici\u00f3 una exhaustiva investigaci\u00f3n -a trav\u00e9s de la Fiscal\u00eda Especializada en Atenci\u00f3n a Delitos de Alto Impacto- logrando ubicar, aprehender y presentar a la imputada ante el Juez de la causa, quien determin\u00f3 vincularla a proceso.<\/p>\n\n\n\n<p>En audiencia, el Tribunal de Enjuiciamiento dict\u00f3 sentencia condenatoria contra N. R. P. P., imponiendo la pena de 30 a\u00f1os de prisi\u00f3n.<\/p>\n\n\n\n<p>OTROS 30 A\u00d1OS<\/p>\n\n\n\n<p>En otro caso, la Fiscal\u00eda General del Estado obtuvo, del Tribunal de Enjuiciamiento, sentencia condenatoria de 30 a\u00f1os de prisi\u00f3n contra la persona del sexo masculino identificada como M. V. M., se\u00f1alado como responsable del delito de homicidio calificado en agravio de quien en vida respondi\u00f3 al nombre de J. M. B. M., cometido en abril de 2017, en San Raymundo Jalpan, en la regi\u00f3n de Valles Centrales.<\/p>\n\n\n\n<p>De acuerdo con la carpeta de investigaci\u00f3n 138\/FEDAI\/ 2017, el 23 de abril de 2017, el responsable agredi\u00f3 con un objeto punzocortante a la v\u00edctima, infligi\u00e9ndole lesiones en diversas partes del cuerpo que le provocaron la muerte cuando se encontraban en inmediaciones de la referida demarcaci\u00f3n.<\/p>\n\n\n\n<p>Ante este hecho, la Instituci\u00f3n de procuraci\u00f3n de justicia atrajo el caso -a trav\u00e9s de la Fiscal\u00eda Especializada en Atenci\u00f3n a Delitos de Alto Impacto-, logrando identificar, aprehender y presentar al imputado ante el Juez de la Causa quien, tras validar los datos probatorios, determin\u00f3 vincularlo a proceso.<\/p>\n\n\n\n<p>En audiencia, el Tribunal de Enjuiciamiento dict\u00f3 sentencia condenatoria contra M. V. M., imponiendo la pena de 30 a\u00f1os de prisi\u00f3n y ordenando el pago de m\u00e1s de 377 mil pesos por concepto de la reparaci\u00f3n del da\u00f1o.<\/p>\n\n\n\n<p>Presentar ante la justicia y aplicar todo el rigor de la Ley a responsables de estos delitos es prioritario para la Fiscal\u00eda General, garantizando justicia y paz a las familias oaxaque\u00f1as.<\/p>\n\n\n\n<p>(Comunicado)<\/p>\n","protected":false},"excerpt":{"rendered":"<p>Redacci\u00f3n\/Zona Roja.&nbsp; Oaxaca de Ju\u00e1rez, Oax., 30 de julio de 2022.- La Fiscal\u00eda General del&hellip;<\/p>\n","protected":false},"author":2,"featured_media":34298,"comment_status":"closed","ping_status":"open","sticky":false,"template":"","format":"standard","meta":{"_lmt_disableupdate":"","_lmt_disable":"","_jetpack_memberships_contains_paid_content":false,"footnotes":""},"categories":[109,46],"tags":[494],"class_list":["post-43984","post","type-post","status-publish","format-standard","has-post-thumbnail","hentry","category-minuto-a-minuto","category-zona-blanca","tag-fiscalia-general-del-estado-de-oaxaca"],"jetpack_featured_media_url":"https:\/\/zonaroja.com.mx\/wp-content\/uploads\/2021\/11\/Detenida-mujer-delito-aprehendida1.jpg","jetpack_sharing_enabled":true,"_links":{"self":[{"href":"https:\/\/zonaroja.com.mx\/index.php?rest_route=\/wp\/v2\/posts\/43984","targetHints":{"allow":["GET"]}}],"collection":[{"href":"https:\/\/zonaroja.com.mx\/index.php?rest_route=\/wp\/v2\/posts"}],"about":[{"href":"https:\/\/zonaroja.com.mx\/index.php?rest_route=\/wp\/v2\/types\/post"}],"author":[{"embeddable":true,"href":"https:\/\/zonaroja.com.mx\/index.php?rest_route=\/wp\/v2\/users\/2"}],"replies":[{"embeddable":true,"href":"https:\/\/zonaroja.com.mx\/index.php?rest_route=%2Fwp%2Fv2%2Fcomments&post=43984"}],"version-history":[{"count":1,"href":"https:\/\/zonaroja.com.mx\/index.php?rest_route=\/wp\/v2\/posts\/43984\/revisions"}],"predecessor-version":[{"id":43985,"href":"https:\/\/zonaroja.com.mx\/index.php?rest_route=\/wp\/v2\/posts\/43984\/revisions\/43985"}],"wp:featuredmedia":[{"embeddable":true,"href":"https:\/\/zonaroja.com.mx\/index.php?rest_route=\/wp\/v2\/media\/34298"}],"wp:attachment":[{"href":"https:\/\/zonaroja.com.mx\/index.php?rest_route=%2Fwp%2Fv2%2Fmedia&parent=43984"}],"wp:term":[{"taxonomy":"category","embeddable":true,"href":"https:\/\/zonaroja.com.mx\/index.php?rest_route=%2Fwp%2Fv2%2Fcategories&post=43984"},{"taxonomy":"post_tag","embeddable":true,"href":"https:\/\/zonaroja.com.mx\/index.php?rest_route=%2Fwp%2Fv2%2Ftags&post=43984"}],"curies":[{"name":"wp","href":"https:\/\/api.w.org\/{rel}","templated":true}]}}