{"id":43989,"date":"2022-07-28T09:00:00","date_gmt":"2022-07-28T14:00:00","guid":{"rendered":"http:\/\/www.zonaroja.com.mx\/?p=43989"},"modified":"2022-07-28T08:09:45","modified_gmt":"2022-07-28T13:09:45","slug":"bajo-protesta-mantienen-reapertura-de-basurero-en-zaachila-sigue-crisis","status":"publish","type":"post","link":"https:\/\/zonaroja.com.mx\/?p=43989","title":{"rendered":"Bajo protesta mantienen reapertura de basurero en Zaachila; sigue crisis"},"content":{"rendered":"\n<p>Yuridiana Sosa\/Zona Roja.<\/p>\n\n\n\n<p>Oaxaca de Ju\u00e1rez, Oax., 28 de julio de 2022.- La inconformidad por la reapertura del basurero municipal de Oaxaca de Ju\u00e1rez en la Villa de Zaachila sigue latente por parte de quienes viven alrededor de este espacio, que sigue recibiendo alrededor de 600 toneladas diarias.<\/p>\n\n\n\n<p>En la agencia municipal de Renacimiento del municipio de Zaachila, la poblaci\u00f3n permite el funcionamiento del relleno sanitario bajo protesta, contra su voluntad, pero como muestra de civilidad para dar oportunidad a municipios de la zona conurbada para que busquen otro lugar para depositar sus desechos.<\/p>\n\n\n\n<p>El pasado 23 de julio la Secretar\u00eda General de Gobierno, el gobierno de Oaxaca de Ju\u00e1rez y de la Villa de Zaachila informaron sobre la apertura, una vez m\u00e1s, del relleno sanitario luego de un cierre el 13 de julio.<\/p>\n\n\n\n<p>El nuevo acuerdo estableci\u00f3 que s\u00f3lo se abrir\u00eda por un plazo de tres meses para cinco municipios, San Bartolo Coyotepec, Santa Mar\u00eda Coyotepec, San Mart\u00edn Tilcajete, Oaxaca de Ju\u00e1rez y Villa de Zaachila, con t\u00e9rmino de funcionamiento al 8 de octubre y con acceso por la agencia de Vicente Guerrero.<\/p>\n\n\n\n<p>Sin embargo, la extensi\u00f3n del basurero y a su vez de los asentamientos habitacionales impacta de forma directa a los habitantes de la agencia Renacimiento, que comparten pr\u00e1cticamente espacio.<\/p>\n\n\n\n<p>El agente municipal, Valentino Sarmiento Sarmiento, se\u00f1al\u00f3 que la poblaci\u00f3n sigue inconforme y s\u00f3lo a la espera de que el plazo concluya para el cierre, el cual, de no respetarse por el gobierno de Oaxaca, propietario del espacio, ser\u00e1n ellos mismos quienes lo cierren.<\/p>\n\n\n\n<p>A pesar de las limitaciones para el ingreso de la basura para otros 20 municipios, desde el s\u00e1bado pasado el basurero recibe diariamente 600 toneladas de desechos, se\u00f1al\u00f3 el agente municipal.<\/p>\n\n\n\n<p>\u201cEn verdad ya no hay espacio. Se dio otra oportunidad, pero en tres meses se va a cerrar\u201d, reiter\u00f3 el representante de la poblaci\u00f3n, la cual, desde el 13 de julio, en asamblea general, se posicion\u00f3 a favor del cierre total por las afectaciones, pero tambi\u00e9n por el incumplimiento del Gobierno del Estado por la liberaci\u00f3n del recurso total del proyecto del agua potable.<\/p>\n\n\n\n<p>Incluso, hasta los recolectores de residuos o pepenadores est\u00e1n conformes con el cierre, pues tambi\u00e9n son habitantes de la zona afectada.<\/p>\n\n\n\n<p>Pero esta no es la \u00fanica agencia que se opone al funcionamiento del relleno sanitario, tambi\u00e9n la colonia Guillermo Gonz\u00e1lez Guardado, que sufre por recibir el escurrimiento de los lixiviados del basurero, generando una grave contaminaci\u00f3n, y ahora, tampoco son informados de las acciones que se realizar\u00e1n para el saneamiento.<\/p>\n\n\n\n<p>El cierre ya impact\u00f3 en municipios importantes de la zona conurbada, como es Santa Luc\u00eda del Camino, donde la recolecci\u00f3n de basura se suspendi\u00f3 y la poblaci\u00f3n exige soluci\u00f3n inmediata al problema.<\/p>\n\n\n\n<p>INCONFORMES POR CIERRE<\/p>\n\n\n\n<p>A varias semanas de la restricci\u00f3n para los recolectores de basura particulares \u2013 desde el 13 de julio- los afectados manifestaron su inconformidad y advirtieron que depositar\u00e1n los desechos en Plaza de la Danza o el z\u00f3calo si el gobierno de Oaxaca de Ju\u00e1rez no les da acceso.<\/p>\n\n\n\n<p>Los recolectores, afiliados a CATEM, CLTM, Sol Rojo, Conymer, iniciaron acciones este mi\u00e9rcoles con una concentraci\u00f3n en el \u00e1rea del play\u00f3n de la Central de Abasto en la capital.<\/p>\n\n\n\n<p>Se\u00f1alaron que siempre han pagado por el derecho de uso del espacio, por lo que es injusto que se les haya impedido su acceso as\u00ed como el ayuntamiento lo les ha dado oportunidad de renovar el convenio para este a\u00f1o.<\/p>\n","protected":false},"excerpt":{"rendered":"<p>Yuridiana Sosa\/Zona Roja. Oaxaca de Ju\u00e1rez, Oax., 28 de julio de 2022.- La inconformidad por&hellip;<\/p>\n","protected":false},"author":2,"featured_media":43990,"comment_status":"closed","ping_status":"open","sticky":false,"template":"","format":"standard","meta":{"_lmt_disableupdate":"","_lmt_disable":"","_jetpack_memberships_contains_paid_content":false,"footnotes":""},"categories":[109,47],"tags":[3211],"class_list":["post-43989","post","type-post","status-publish","format-standard","has-post-thumbnail","hentry","category-minuto-a-minuto","category-zona-gris","tag-tiradero-de-basura-zaachila"],"jetpack_featured_media_url":"https:\/\/zonaroja.com.mx\/wp-content\/uploads\/2022\/07\/Basura-tiradero-Zaachila-desechos.jpg","jetpack_sharing_enabled":true,"_links":{"self":[{"href":"https:\/\/zonaroja.com.mx\/index.php?rest_route=\/wp\/v2\/posts\/43989","targetHints":{"allow":["GET"]}}],"collection":[{"href":"https:\/\/zonaroja.com.mx\/index.php?rest_route=\/wp\/v2\/posts"}],"about":[{"href":"https:\/\/zonaroja.com.mx\/index.php?rest_route=\/wp\/v2\/types\/post"}],"author":[{"embeddable":true,"href":"https:\/\/zonaroja.com.mx\/index.php?rest_route=\/wp\/v2\/users\/2"}],"replies":[{"embeddable":true,"href":"https:\/\/zonaroja.com.mx\/index.php?rest_route=%2Fwp%2Fv2%2Fcomments&post=43989"}],"version-history":[{"count":1,"href":"https:\/\/zonaroja.com.mx\/index.php?rest_route=\/wp\/v2\/posts\/43989\/revisions"}],"predecessor-version":[{"id":43991,"href":"https:\/\/zonaroja.com.mx\/index.php?rest_route=\/wp\/v2\/posts\/43989\/revisions\/43991"}],"wp:featuredmedia":[{"embeddable":true,"href":"https:\/\/zonaroja.com.mx\/index.php?rest_route=\/wp\/v2\/media\/43990"}],"wp:attachment":[{"href":"https:\/\/zonaroja.com.mx\/index.php?rest_route=%2Fwp%2Fv2%2Fmedia&parent=43989"}],"wp:term":[{"taxonomy":"category","embeddable":true,"href":"https:\/\/zonaroja.com.mx\/index.php?rest_route=%2Fwp%2Fv2%2Fcategories&post=43989"},{"taxonomy":"post_tag","embeddable":true,"href":"https:\/\/zonaroja.com.mx\/index.php?rest_route=%2Fwp%2Fv2%2Ftags&post=43989"}],"curies":[{"name":"wp","href":"https:\/\/api.w.org\/{rel}","templated":true}]}}