{"id":43998,"date":"2022-07-28T18:50:14","date_gmt":"2022-07-28T23:50:14","guid":{"rendered":"http:\/\/www.zonaroja.com.mx\/?p=43998"},"modified":"2022-07-28T18:50:16","modified_gmt":"2022-07-28T23:50:16","slug":"en-cuenta-regresiva-para-cierre-del-tiradero-y-aun-no-hay-terreno-podria-ser-en-etla-u-ocotlan","status":"publish","type":"post","link":"https:\/\/zonaroja.com.mx\/?p=43998","title":{"rendered":"En cuenta regresiva para cierre del tiradero y a\u00fan no hay terreno; podr\u00eda ser en Etla u Ocotl\u00e1n"},"content":{"rendered":"\n<p>Yuridiana Sosa\/Zona Roja.<\/p>\n\n\n\n<p>Oaxaca de Ju\u00e1rez, Oax., 28 de julio de 2022.- El plazo para el cierre definitivo del basurero municipal de Oaxaca de Ju\u00e1rez, ubicado en Villa de Zaachila, avanza sin que el gobierno de la capital logre conseguir un terreno ni maquinaria especial para los planes de un nuevo sistema de recolecci\u00f3n de basura.<\/p>\n\n\n\n<p>El presidente de Oaxaca de Ju\u00e1rez, Francisco Mart\u00ednez Neri, se\u00f1al\u00f3 en entrevista que siguen en la b\u00fasqueda de un espacio aproximado de cinco hect\u00e1reas para el nuevo relleno sanitario, el cual podr\u00eda ubicarse en el valle de Etla o de Ocotl\u00e1n.<\/p>\n\n\n\n<p>Para la nueva estrategia de recolecci\u00f3n de residuos, que siguen planeando, se requer\u00eda de unos 60 millones de pesos, el cual tambi\u00e9n forma parte de gestiones por realizar por parte de la autoridad.<\/p>\n\n\n\n<p>\u201cNo es f\u00e1cil, pero estamos avanzando\u201d, apunt\u00f3 Mart\u00ednez Neri, quien agreg\u00f3 que tienen la oferta de un terreno de 90 hect\u00e1reas, pero no cuentan con la solvencia para la compra.<\/p>\n\n\n\n<p>La clausura del basurero actual afecta a m\u00e1s de 20 municipios de la zona metropolitana, por lo que Mart\u00ednez Neri tambi\u00e9n ha pedido la colaboraci\u00f3n de las autoridades vecinas para resolver el problema.<\/p>\n\n\n\n<p>El plazo del cierre final, pospuesto en una ocasi\u00f3n, se acord\u00f3 que sea el 8 de octubre.<\/p>\n\n\n\n<p>En tanto, durante sesi\u00f3n de Cabildo de este jueves, el edil sostuvo que se encuentran ante un reto grande por superar, que va desde la localizaci\u00f3n y financiamiento del terreno; modificar los paradigmas en la sociedad para la recolecci\u00f3n de basura, adquirir la maquinaria para el composteo, tractores, revolvedoras y espacios para estas actividades.<\/p>\n\n\n\n<figure class=\"wp-block-embed is-type-rich is-provider-twitter wp-block-embed-twitter\"><div class=\"wp-block-embed__wrapper\">\n<div class=\"twitter-tweet\"><blockquote class=\"twitter-tweet\" data-lang=\"es\"><p lang=\"es\" dir=\"ltr\">El presidente municipal <a href=\"https:\/\/twitter.com\/FMartinezNeri?ref_src=twsrc%5Etfw\">@FMartinezNeri<\/a> tambi\u00e9n habl\u00f3 del problema de la basura en sesi\u00f3n de Cabildo:<br>\u201cEstamos ante este gran problema de buscar y financiar la adquisici\u00f3n de ese terreno\u201d.Tambi\u00e9n \u201cel poder adquirir la maquinaria para el compostero\u201d y un espacio para esa actividad. <a href=\"https:\/\/t.co\/qzeD56HdOj\">pic.twitter.com\/qzeD56HdOj<\/a><\/p>&mdash; Zona Roja Oaxaca (@ZonaRoja_Oaxaca) <a href=\"https:\/\/twitter.com\/ZonaRoja_Oaxaca\/status\/1552777130441936896?ref_src=twsrc%5Etfw\">28 de julio de 2022<\/a><\/blockquote><\/div>\n<\/div><\/figure>\n\n\n\n<p>\u201cLlamo a los concejales y concejalas, a la sociedad, a tomar en serio el asunto. Son tres meses como plazo. No podemos fallar\u201d, manifest\u00f3 el presidente como parte de un punto de acuerdo en el que se solicita modificaciones al Bando de Polic\u00eda y Buen Gobierno para que en las agencias la autoridad auxiliar tenga el deber de impulsar la separaci\u00f3n de residuos y actividades a afines al cuidado el medio ambiente y destino final de los residuos.<\/p>\n\n\n\n<p>Entre las estrategias que podr\u00edan llevar a cabo, el ayuntamiento plantea la separaci\u00f3n de residuos org\u00e1nicos e inorg\u00e1nicos, para la realizaci\u00f3n de composta y reciclaje, respectivamente; as\u00ed como con aquellos que no tengan estas caracter\u00edsticas, se compactar\u00e1n en cubos de una tonelada.<\/p>\n\n\n\n<p>Para todo ello es necesario financiamiento, por lo que a pesar que el problema es latente a\u00fan no se puede ejecutar de forma generalizada en todo el municipio.<\/p>\n\n\n\n<p>SIGUE BASURA EN LAS CALLES<\/p>\n\n\n\n<p>Los esfuerzos para restablecer el servicio de recolecci\u00f3n de basura en la capital, a casi una semana de reabierto el basurero, no han sido suficientes para limpiar las calles con basura rezagada y acumulada en puntos que se establecieron como tiraderos ante la crisis.<\/p>\n\n\n\n<p>Es el caso del dep\u00f3sito al aire libre sobre la calle Lucrecia Toriz, entre avenida Las Etnias y calzada San Felipe del Agua, al norte de la capital.<\/p>\n\n\n\n<p>Francisco Mart\u00ednez Neri apunt\u00f3 que en el transcurso de esta semana podr\u00eda regularizarse la recolecci\u00f3n.<\/p>\n\n\n\n<figure class=\"wp-block-embed is-type-rich is-provider-twitter wp-block-embed-twitter\"><div class=\"wp-block-embed__wrapper\">\n<div class=\"twitter-tweet\"><blockquote class=\"twitter-tweet\" data-lang=\"es\"><p lang=\"es\" dir=\"ltr\"><a href=\"https:\/\/twitter.com\/hashtag\/%C3%9AltimoMinuto?src=hash&amp;ref_src=twsrc%5Etfw\">#\u00daltimoMinuto<\/a> <br>Edil del <a href=\"https:\/\/twitter.com\/MunicipioOaxaca?ref_src=twsrc%5Etfw\">@MunicipioOaxaca<\/a>, <a href=\"https:\/\/twitter.com\/FMartinezNeri?ref_src=twsrc%5Etfw\">@FMartinezNeri<\/a>, no puede con el problema de la basura. <br>Montones de desechos en la calle Lucrecia Toriz, entre avenida Las Etnias y calzada San Felipe del Agua. <a href=\"https:\/\/t.co\/HOQumNCkVO\">pic.twitter.com\/HOQumNCkVO<\/a><\/p>&mdash; Zona Roja Oaxaca (@ZonaRoja_Oaxaca) <a href=\"https:\/\/twitter.com\/ZonaRoja_Oaxaca\/status\/1552685550896877579?ref_src=twsrc%5Etfw\">28 de julio de 2022<\/a><\/blockquote><\/div>\n<\/div><\/figure>\n","protected":false},"excerpt":{"rendered":"<p>Yuridiana Sosa\/Zona Roja. Oaxaca de Ju\u00e1rez, Oax., 28 de julio de 2022.- El plazo para&hellip;<\/p>\n","protected":false},"author":2,"featured_media":43997,"comment_status":"closed","ping_status":"open","sticky":false,"template":"","format":"standard","meta":{"_lmt_disableupdate":"","_lmt_disable":"","_jetpack_memberships_contains_paid_content":false,"footnotes":""},"categories":[109,47],"tags":[148,3211],"class_list":["post-43998","post","type-post","status-publish","format-standard","has-post-thumbnail","hentry","category-minuto-a-minuto","category-zona-gris","tag-oaxaca-de-juarez","tag-tiradero-de-basura-zaachila"],"jetpack_featured_media_url":"https:\/\/zonaroja.com.mx\/wp-content\/uploads\/2022\/07\/Tiradero-basura-calle-Lucrecia-Toriz.jpg","jetpack_sharing_enabled":true,"_links":{"self":[{"href":"https:\/\/zonaroja.com.mx\/index.php?rest_route=\/wp\/v2\/posts\/43998","targetHints":{"allow":["GET"]}}],"collection":[{"href":"https:\/\/zonaroja.com.mx\/index.php?rest_route=\/wp\/v2\/posts"}],"about":[{"href":"https:\/\/zonaroja.com.mx\/index.php?rest_route=\/wp\/v2\/types\/post"}],"author":[{"embeddable":true,"href":"https:\/\/zonaroja.com.mx\/index.php?rest_route=\/wp\/v2\/users\/2"}],"replies":[{"embeddable":true,"href":"https:\/\/zonaroja.com.mx\/index.php?rest_route=%2Fwp%2Fv2%2Fcomments&post=43998"}],"version-history":[{"count":1,"href":"https:\/\/zonaroja.com.mx\/index.php?rest_route=\/wp\/v2\/posts\/43998\/revisions"}],"predecessor-version":[{"id":44000,"href":"https:\/\/zonaroja.com.mx\/index.php?rest_route=\/wp\/v2\/posts\/43998\/revisions\/44000"}],"wp:featuredmedia":[{"embeddable":true,"href":"https:\/\/zonaroja.com.mx\/index.php?rest_route=\/wp\/v2\/media\/43997"}],"wp:attachment":[{"href":"https:\/\/zonaroja.com.mx\/index.php?rest_route=%2Fwp%2Fv2%2Fmedia&parent=43998"}],"wp:term":[{"taxonomy":"category","embeddable":true,"href":"https:\/\/zonaroja.com.mx\/index.php?rest_route=%2Fwp%2Fv2%2Fcategories&post=43998"},{"taxonomy":"post_tag","embeddable":true,"href":"https:\/\/zonaroja.com.mx\/index.php?rest_route=%2Fwp%2Fv2%2Ftags&post=43998"}],"curies":[{"name":"wp","href":"https:\/\/api.w.org\/{rel}","templated":true}]}}