{"id":44003,"date":"2022-07-28T21:00:30","date_gmt":"2022-07-29T02:00:30","guid":{"rendered":"http:\/\/www.zonaroja.com.mx\/?p=44003"},"modified":"2022-07-28T21:00:31","modified_gmt":"2022-07-29T02:00:31","slug":"acciona-policia-de-santa-lucia-del-camino-y-detiene-a-dos-por-escandalizar","status":"publish","type":"post","link":"https:\/\/zonaroja.com.mx\/?p=44003","title":{"rendered":"Acciona polic\u00eda de Santa Luc\u00eda del Camino y detiene a dos por escandalizar"},"content":{"rendered":"\n<p>Redacci\u00f3n\/Zona Roja.<\/p>\n\n\n\n<p>Oaxaca de Ju\u00e1rez, Oax., 28 de julio de 2022.- Tras el esc\u00e1ndalo en la v\u00eda p\u00fablica por personas en estado de ebriedad que hab\u00edan salido de la Feria del Mezcal, la polic\u00eda vial municipal de Santa Luc\u00eda del Camino report\u00f3 dos detenciones.<\/p>\n\n\n\n<p>Los hechos ocurrieron anoche poco despu\u00e9s de las 22:00 horas en la calle Cuitl\u00e1huac de la colonia El Baj\u00edo, en que los vecinos pidieron la presencia de corporaciones policiacas.&nbsp;<\/p>\n\n\n\n<p>En las cercan\u00edas se hallaban patrullando elementos de la polic\u00eda vial del ayuntamiento, que procedieron de inmediato a atender la queja.<\/p>\n\n\n\n<p>Sin embargo los sujetos agresivos y en estado de ebriedad, se abalanzaron contra los uniformados y se dijeron influyentes, por lo cual no deb\u00edan ser detenidos.<\/p>\n\n\n\n<p>Tras ello los elementos procedieron a la detenci\u00f3n de dos personas, uno de ellos quien dijo llamarse Diego de Jes\u00fas G. B., de 30 a\u00f1os de edad, y a A. G. M. A., de 17 a\u00f1os de edad, este \u00faltimo en calidad de presentado, por ser menor de edad.<\/p>\n\n\n\n<p>Tras ello, fueron llevados a una cl\u00ednica municipal para que se certificara su condici\u00f3n, en tanto que uno de ellos fue puesto a disposici\u00f3n del juez calificador.<\/p>\n\n\n\n<p>La polic\u00eda municipal inform\u00f3 que mantiene permanente recorrido por la zona, para evitar afectaciones a los vecinos, que se han quejado de personas alcoholizadas que salen de la Feria del Mezcal organizada por la Secretar\u00eda de Econom\u00eda del Gobierno del Estado.<\/p>\n","protected":false},"excerpt":{"rendered":"<p>Redacci\u00f3n\/Zona Roja. Oaxaca de Ju\u00e1rez, Oax., 28 de julio de 2022.- Tras el esc\u00e1ndalo en&hellip;<\/p>\n","protected":false},"author":2,"featured_media":44004,"comment_status":"closed","ping_status":"open","sticky":false,"template":"","format":"standard","meta":{"_lmt_disableupdate":"","_lmt_disable":"","_jetpack_memberships_contains_paid_content":false,"footnotes":""},"categories":[109,46],"tags":[337],"class_list":["post-44003","post","type-post","status-publish","format-standard","has-post-thumbnail","hentry","category-minuto-a-minuto","category-zona-blanca","tag-santa-lucia-del-camino"],"jetpack_featured_media_url":"https:\/\/zonaroja.com.mx\/wp-content\/uploads\/2022\/07\/Policia-Vial-Santa-Lucia.jpg","jetpack_sharing_enabled":true,"_links":{"self":[{"href":"https:\/\/zonaroja.com.mx\/index.php?rest_route=\/wp\/v2\/posts\/44003","targetHints":{"allow":["GET"]}}],"collection":[{"href":"https:\/\/zonaroja.com.mx\/index.php?rest_route=\/wp\/v2\/posts"}],"about":[{"href":"https:\/\/zonaroja.com.mx\/index.php?rest_route=\/wp\/v2\/types\/post"}],"author":[{"embeddable":true,"href":"https:\/\/zonaroja.com.mx\/index.php?rest_route=\/wp\/v2\/users\/2"}],"replies":[{"embeddable":true,"href":"https:\/\/zonaroja.com.mx\/index.php?rest_route=%2Fwp%2Fv2%2Fcomments&post=44003"}],"version-history":[{"count":1,"href":"https:\/\/zonaroja.com.mx\/index.php?rest_route=\/wp\/v2\/posts\/44003\/revisions"}],"predecessor-version":[{"id":44005,"href":"https:\/\/zonaroja.com.mx\/index.php?rest_route=\/wp\/v2\/posts\/44003\/revisions\/44005"}],"wp:featuredmedia":[{"embeddable":true,"href":"https:\/\/zonaroja.com.mx\/index.php?rest_route=\/wp\/v2\/media\/44004"}],"wp:attachment":[{"href":"https:\/\/zonaroja.com.mx\/index.php?rest_route=%2Fwp%2Fv2%2Fmedia&parent=44003"}],"wp:term":[{"taxonomy":"category","embeddable":true,"href":"https:\/\/zonaroja.com.mx\/index.php?rest_route=%2Fwp%2Fv2%2Fcategories&post=44003"},{"taxonomy":"post_tag","embeddable":true,"href":"https:\/\/zonaroja.com.mx\/index.php?rest_route=%2Fwp%2Fv2%2Ftags&post=44003"}],"curies":[{"name":"wp","href":"https:\/\/api.w.org\/{rel}","templated":true}]}}