{"id":44006,"date":"2022-07-28T22:22:40","date_gmt":"2022-07-29T03:22:40","guid":{"rendered":"http:\/\/www.zonaroja.com.mx\/?p=44006"},"modified":"2022-07-28T22:22:41","modified_gmt":"2022-07-29T03:22:41","slug":"dos-asesinados-y-asalto-a-camion-de-pasajeros-saldo-del-jueves","status":"publish","type":"post","link":"https:\/\/zonaroja.com.mx\/?p=44006","title":{"rendered":"Dos asesinados y asalto a cami\u00f3n de pasajeros, saldo del jueves"},"content":{"rendered":"\n<p>Redacci\u00f3n\/Zona Roja.<\/p>\n\n\n\n<p>Oaxaca de Ju\u00e1rez, Oax., 28 de julio de 2022.- Dos personas fueron asesinadas, en las regiones Costa y Valles Centrales, y un cami\u00f3n de pasajeros fue asaltado por sujetos armados, este jueves en Oaxaca.<\/p>\n\n\n\n<p>Esta noche, poco despu\u00e9s de las 19:00 horas, al menos tres personas detuvieron un cami\u00f3n de pasajeros de la l\u00ednea Choferes del Sur, con n\u00famero econ\u00f3mico A-112, en inmediaciones de la colonia La Joya, de la agencia de Pueblo Nuevo.<\/p>\n\n\n\n<p>De inmediato subieron a la unidad, golpearon al chofer en la cabeza, con la cacha de una pistola, y pasaron asiento por asiento para robar dinero, carteras, celulares, bolsas y otros bienes a al menos 15 usuarios, tras lo cual huyeron.<\/p>\n\n\n\n<p>La polic\u00eda municipal de Oaxaca de Ju\u00e1rez s\u00f3lo lleg\u00f3 a tomar conocimiento de los hechos, sin lograr hasta el momento detenciones.<\/p>\n\n\n\n<p>LOS CR\u00cdMENES<\/p>\n\n\n\n<p>Por otra parte, la tarde de hoy una persona fue asesinada a balazos en la avenida Ju\u00e1rez de Zimatl\u00e1n de \u00c1lvarez, al sur de la capital; fue identificada de manera preliminar como Paolo N., de aproximadamente 35 a\u00f1os de edad.<\/p>\n\n\n\n<p>Mientras que en Santiago Pinotepa Nacional, otro individuo fue ejecutado mientras transitaba a bordo de su motocicleta en la carretera federal n\u00famero 200.<\/p>\n\n\n\n<p>Sujetos le dispararon y huyeron de inmediato; el cuerpo cay\u00f3 en una zanja, a la altura del barrio Laboratorio; al momento no ha sido identificada y no hay personas detenidas por este crimen.<\/p>\n","protected":false},"excerpt":{"rendered":"<p>Redacci\u00f3n\/Zona Roja. Oaxaca de Ju\u00e1rez, Oax., 28 de julio de 2022.- Dos personas fueron asesinadas,&hellip;<\/p>\n","protected":false},"author":2,"featured_media":44007,"comment_status":"closed","ping_status":"open","sticky":false,"template":"","format":"standard","meta":{"_lmt_disableupdate":"","_lmt_disable":"","_jetpack_memberships_contains_paid_content":false,"footnotes":""},"categories":[109,51],"tags":[],"class_list":["post-44006","post","type-post","status-publish","format-standard","has-post-thumbnail","hentry","category-minuto-a-minuto","category-zona-roja"],"jetpack_featured_media_url":"https:\/\/zonaroja.com.mx\/wp-content\/uploads\/2022\/07\/Asesinado-Pinotepa-Nacional.jpg","jetpack_sharing_enabled":true,"_links":{"self":[{"href":"https:\/\/zonaroja.com.mx\/index.php?rest_route=\/wp\/v2\/posts\/44006","targetHints":{"allow":["GET"]}}],"collection":[{"href":"https:\/\/zonaroja.com.mx\/index.php?rest_route=\/wp\/v2\/posts"}],"about":[{"href":"https:\/\/zonaroja.com.mx\/index.php?rest_route=\/wp\/v2\/types\/post"}],"author":[{"embeddable":true,"href":"https:\/\/zonaroja.com.mx\/index.php?rest_route=\/wp\/v2\/users\/2"}],"replies":[{"embeddable":true,"href":"https:\/\/zonaroja.com.mx\/index.php?rest_route=%2Fwp%2Fv2%2Fcomments&post=44006"}],"version-history":[{"count":1,"href":"https:\/\/zonaroja.com.mx\/index.php?rest_route=\/wp\/v2\/posts\/44006\/revisions"}],"predecessor-version":[{"id":44008,"href":"https:\/\/zonaroja.com.mx\/index.php?rest_route=\/wp\/v2\/posts\/44006\/revisions\/44008"}],"wp:featuredmedia":[{"embeddable":true,"href":"https:\/\/zonaroja.com.mx\/index.php?rest_route=\/wp\/v2\/media\/44007"}],"wp:attachment":[{"href":"https:\/\/zonaroja.com.mx\/index.php?rest_route=%2Fwp%2Fv2%2Fmedia&parent=44006"}],"wp:term":[{"taxonomy":"category","embeddable":true,"href":"https:\/\/zonaroja.com.mx\/index.php?rest_route=%2Fwp%2Fv2%2Fcategories&post=44006"},{"taxonomy":"post_tag","embeddable":true,"href":"https:\/\/zonaroja.com.mx\/index.php?rest_route=%2Fwp%2Fv2%2Ftags&post=44006"}],"curies":[{"name":"wp","href":"https:\/\/api.w.org\/{rel}","templated":true}]}}