{"id":44009,"date":"2022-07-29T06:55:27","date_gmt":"2022-07-29T11:55:27","guid":{"rendered":"http:\/\/www.zonaroja.com.mx\/?p=44009"},"modified":"2022-07-29T06:55:29","modified_gmt":"2022-07-29T11:55:29","slug":"gana-planilla-guinda-eleccion-sindical-en-hospital-civil-de-oaxaca","status":"publish","type":"post","link":"https:\/\/zonaroja.com.mx\/?p=44009","title":{"rendered":"Gana planilla \u201cGuinda\u201d elecci\u00f3n sindical en Hospital Civil de Oaxaca"},"content":{"rendered":"\n<p>Redacci\u00f3n\/Zona Roja.<\/p>\n\n\n\n<p>Oaxaca de Ju\u00e1rez, Oax., 29 de julio de 2022- El enfermero Marcos G\u00f3mez Cruz, representante de la planilla \u201cGuinda\u201d, fue electo anoche como nuevo secretario General de la Subsecci\u00f3n 07 del Sindicato Nacional de Trabajadores de Salud en el Hospital General \u201cDr. Aurelio Valdivieso\u201d.<\/p>\n\n\n\n<p>Tras realizar el conteo de votos emitidos durante este jueves por la base trabajadora del Hospital Civil, la planilla ganadora recibi\u00f3 un total de 238 votos, seguida de la planilla \u201cAzul\u201d con 224, la \u201cAmarilla\u201d con 189, la \u201cVerde\u201d con 97, la&nbsp; \u201cNaranja\u201d con 93 y la planilla \u201cMorada\u201d con 67 votos.<\/p>\n\n\n\n<p>Durante el transcurso de la votaci\u00f3n se report\u00f3 un saldo blanco, misma que inici\u00f3 a las ocho de la ma\u00f1ana con la instalaci\u00f3n de dos casillas y concluy\u00f3 a las 21:00 horas de este 28 de julio.<\/p>\n\n\n\n<p>Cabe destacar que durante el proceso de escrutinio y c\u00f3mputo de votos al interior del nosocomio, el dirigente de la Secci\u00f3n 35 del SNTSA, Mario F\u00e9lix Pacheco, fue corrido entre abucheos por trabajadores, quienes pidieron no intervenir en el proceso electoral.<\/p>\n\n\n\n<p>El proceso de renovaci\u00f3n sindical cont\u00f3 con la participaci\u00f3n de la mayor\u00eda con un total de 929 trabajadores de base, de un padr\u00f3n de mil 216.<\/p>\n","protected":false},"excerpt":{"rendered":"<p>Redacci\u00f3n\/Zona Roja. Oaxaca de Ju\u00e1rez, Oax., 29 de julio de 2022- El enfermero Marcos G\u00f3mez&hellip;<\/p>\n","protected":false},"author":2,"featured_media":44010,"comment_status":"closed","ping_status":"open","sticky":false,"template":"","format":"standard","meta":{"_lmt_disableupdate":"","_lmt_disable":"","_jetpack_memberships_contains_paid_content":false,"footnotes":""},"categories":[109,47],"tags":[781],"class_list":["post-44009","post","type-post","status-publish","format-standard","has-post-thumbnail","hentry","category-minuto-a-minuto","category-zona-gris","tag-hospital-civil-dr-aurelio-valdivieso-de-oaxaca"],"jetpack_featured_media_url":"https:\/\/zonaroja.com.mx\/wp-content\/uploads\/2022\/07\/Eleccion-Subseccion-07-Hospital-Civil.jpg","jetpack_sharing_enabled":true,"_links":{"self":[{"href":"https:\/\/zonaroja.com.mx\/index.php?rest_route=\/wp\/v2\/posts\/44009","targetHints":{"allow":["GET"]}}],"collection":[{"href":"https:\/\/zonaroja.com.mx\/index.php?rest_route=\/wp\/v2\/posts"}],"about":[{"href":"https:\/\/zonaroja.com.mx\/index.php?rest_route=\/wp\/v2\/types\/post"}],"author":[{"embeddable":true,"href":"https:\/\/zonaroja.com.mx\/index.php?rest_route=\/wp\/v2\/users\/2"}],"replies":[{"embeddable":true,"href":"https:\/\/zonaroja.com.mx\/index.php?rest_route=%2Fwp%2Fv2%2Fcomments&post=44009"}],"version-history":[{"count":1,"href":"https:\/\/zonaroja.com.mx\/index.php?rest_route=\/wp\/v2\/posts\/44009\/revisions"}],"predecessor-version":[{"id":44011,"href":"https:\/\/zonaroja.com.mx\/index.php?rest_route=\/wp\/v2\/posts\/44009\/revisions\/44011"}],"wp:featuredmedia":[{"embeddable":true,"href":"https:\/\/zonaroja.com.mx\/index.php?rest_route=\/wp\/v2\/media\/44010"}],"wp:attachment":[{"href":"https:\/\/zonaroja.com.mx\/index.php?rest_route=%2Fwp%2Fv2%2Fmedia&parent=44009"}],"wp:term":[{"taxonomy":"category","embeddable":true,"href":"https:\/\/zonaroja.com.mx\/index.php?rest_route=%2Fwp%2Fv2%2Fcategories&post=44009"},{"taxonomy":"post_tag","embeddable":true,"href":"https:\/\/zonaroja.com.mx\/index.php?rest_route=%2Fwp%2Fv2%2Ftags&post=44009"}],"curies":[{"name":"wp","href":"https:\/\/api.w.org\/{rel}","templated":true}]}}