{"id":44018,"date":"2022-07-29T09:20:00","date_gmt":"2022-07-29T14:20:00","guid":{"rendered":"http:\/\/www.zonaroja.com.mx\/?p=44018"},"modified":"2022-07-29T07:23:10","modified_gmt":"2022-07-29T12:23:10","slug":"encabeza-oaxaca-lista-de-entidades-con-mas-ocupacion-de-empleo-en-junio-2022-inegi","status":"publish","type":"post","link":"https:\/\/zonaroja.com.mx\/?p=44018","title":{"rendered":"Encabeza Oaxaca lista de entidades con m\u00e1s ocupaci\u00f3n de empleo en junio 2022: Inegi"},"content":{"rendered":"\n<p>Yuridiana Sosa\/Zona Roja.<\/p>\n\n\n\n<p>Oaxaca de Ju\u00e1rez, Oax., 29 de julio de 2022.- La ocupaci\u00f3n laboral en Oaxaca present\u00f3 resultados favorables durante el mes de junio de este a\u00f1o, lo cual no s\u00f3lo signific\u00f3 crecimiento respecto al 2021, tambi\u00e9n lo coron\u00f3 como la entidad con la tasa de ocupaci\u00f3n m\u00e1s alta en M\u00e9xico.<\/p>\n\n\n\n<p>De acuerdo con la Encuesta Nacional de Ocupaci\u00f3n y Empleo, Nueva Edici\u00f3n (ENOEN), en junio de 2022, del Instituto Nacional de Estad\u00edstica y Geograf\u00eda (Inegi), Oaxaca registr\u00f3 en junio una tasa del 98.9 por ciento, por encima de entidades como Yucat\u00e1n, de 98.8 por ciento y de Morelos, con 98.1 por ciento.<\/p>\n\n\n\n<p>La cifra implic\u00f3 un crecimiento de 1.3 por ciento respecto a junio de 2021, cuando present\u00f3 una tasa de ocupaci\u00f3n del 97.6 por ciento, ocupando el sexto sitio a nivel nacional, por debajo de Yucat\u00e1n.<\/p>\n\n\n\n<p>La ENOEN indic\u00f3 que la Poblaci\u00f3n Econ\u00f3micamente Activa (PEA) en M\u00e9xico fue de 59.4 millones de personas, con una tasa de participaci\u00f3n de 59.8 por ciento, superior en dos millones de personas a la de junio de 2021.<\/p>\n\n\n\n<p>La Poblaci\u00f3n No Econ\u00f3micamente Activa (PNEA), que se dedica al hogar, estudia, est\u00e1 jubilada o pensionada, tiene impedimentos personales o lleva a cabo otras actividades, fue de 39.9 millones de personas, que son unas 806 mil menos que en junio de 2021.<\/p>\n\n\n\n<p>En tanto que la poblaci\u00f3n desocupada fue de dos millones de personas y la Tasa de Desocupaci\u00f3n (TD) de 3.3 por ciento de la Poblaci\u00f3n Econ\u00f3micamente Activa. Respecto a junio de 2021, la poblaci\u00f3n desocupada disminuy\u00f3 en 319 mil personas.<\/p>\n\n\n\n<p>La encuesta tambi\u00e9n desglosa datos sobre la poblaci\u00f3n ocupada (PO) y el nivel de informalidad laboral, sin precisar en esta ocasi\u00f3n los datos estatales.<\/p>\n\n\n\n<p>En ese sentido, la PO en junio de 2022 fue de 57.4 millones de personas, que representa el 96.7 por ciento de la Poblaci\u00f3n Econ\u00f3micamente Activa, lo que represent\u00f3 un aumento respecto al 2021 de 2.3 millones.<\/p>\n\n\n\n<p>Por sexo, 34.4 millones de hombres estuvieron ocupados en junio, 812 mil m\u00e1s que el a\u00f1o pasado. Mientras que la ocupaci\u00f3n de mujeres fue de 23 millones, mayor en 1.5 millones que en junio de 2021.<\/p>\n\n\n\n<p>Respecto a la poblaci\u00f3n ocupada en la informalidad laboral, se registr\u00f3 la cifra de 32.1 millones de personas , con una tasa de 55.8 por ciento de la poblaci\u00f3n ocupada.<\/p>\n","protected":false},"excerpt":{"rendered":"<p>Yuridiana Sosa\/Zona Roja. Oaxaca de Ju\u00e1rez, Oax., 29 de julio de 2022.- La ocupaci\u00f3n laboral&hellip;<\/p>\n","protected":false},"author":2,"featured_media":22685,"comment_status":"closed","ping_status":"open","sticky":false,"template":"","format":"standard","meta":{"_lmt_disableupdate":"","_lmt_disable":"","_jetpack_memberships_contains_paid_content":false,"footnotes":""},"categories":[109,46],"tags":[1331],"class_list":["post-44018","post","type-post","status-publish","format-standard","has-post-thumbnail","hentry","category-minuto-a-minuto","category-zona-blanca","tag-instituto-nacional-de-geografia-y-estadistica-inegi"],"jetpack_featured_media_url":"https:\/\/zonaroja.com.mx\/wp-content\/uploads\/2021\/01\/Empleos.jpg","jetpack_sharing_enabled":true,"_links":{"self":[{"href":"https:\/\/zonaroja.com.mx\/index.php?rest_route=\/wp\/v2\/posts\/44018","targetHints":{"allow":["GET"]}}],"collection":[{"href":"https:\/\/zonaroja.com.mx\/index.php?rest_route=\/wp\/v2\/posts"}],"about":[{"href":"https:\/\/zonaroja.com.mx\/index.php?rest_route=\/wp\/v2\/types\/post"}],"author":[{"embeddable":true,"href":"https:\/\/zonaroja.com.mx\/index.php?rest_route=\/wp\/v2\/users\/2"}],"replies":[{"embeddable":true,"href":"https:\/\/zonaroja.com.mx\/index.php?rest_route=%2Fwp%2Fv2%2Fcomments&post=44018"}],"version-history":[{"count":1,"href":"https:\/\/zonaroja.com.mx\/index.php?rest_route=\/wp\/v2\/posts\/44018\/revisions"}],"predecessor-version":[{"id":44019,"href":"https:\/\/zonaroja.com.mx\/index.php?rest_route=\/wp\/v2\/posts\/44018\/revisions\/44019"}],"wp:featuredmedia":[{"embeddable":true,"href":"https:\/\/zonaroja.com.mx\/index.php?rest_route=\/wp\/v2\/media\/22685"}],"wp:attachment":[{"href":"https:\/\/zonaroja.com.mx\/index.php?rest_route=%2Fwp%2Fv2%2Fmedia&parent=44018"}],"wp:term":[{"taxonomy":"category","embeddable":true,"href":"https:\/\/zonaroja.com.mx\/index.php?rest_route=%2Fwp%2Fv2%2Fcategories&post=44018"},{"taxonomy":"post_tag","embeddable":true,"href":"https:\/\/zonaroja.com.mx\/index.php?rest_route=%2Fwp%2Fv2%2Ftags&post=44018"}],"curies":[{"name":"wp","href":"https:\/\/api.w.org\/{rel}","templated":true}]}}