{"id":44020,"date":"2022-07-29T10:28:00","date_gmt":"2022-07-29T15:28:00","guid":{"rendered":"http:\/\/www.zonaroja.com.mx\/?p=44020"},"modified":"2022-07-29T07:29:38","modified_gmt":"2022-07-29T12:29:38","slug":"en-plena-guerra-el-presidente-de-ucrania-y-su-esposa-posan-para-revista","status":"publish","type":"post","link":"https:\/\/zonaroja.com.mx\/?p=44020","title":{"rendered":"En plena guerra, el Presidente de Ucrania y su esposa posan para revista"},"content":{"rendered":"\n<p>Redacci\u00f3n\/Zona Roja Cdmx.<\/p>\n\n\n\n<p>Ciudad de M\u00e9xico, 29 de julio de 2022.- &nbsp;Volodimir Zelenski y Olena Zelenska son los protagonistas del art\u00edculo de portada de la c\u00e9lebre revista de moda para su edici\u00f3n de octubre, de la cual se public\u00f3 un adelanto.&nbsp;<\/p>\n\n\n\n<p>La pareja cuenta an\u00e9cdotas sobre sus casi dos d\u00e9cadas de matrimonio, su historia de amor&nbsp;y los inconvenientes que han tenido que pasar como familia debido a la invasi\u00f3n rusa en curso.&nbsp;<\/p>\n\n\n\n<p>Ambos platicaron en Kiev con el equipo de&nbsp;\u201cVogue\u201d&nbsp;en una entrevista personal.&nbsp;&nbsp;<\/p>\n\n\n\n<p>\u201cVogue\u201d&nbsp;tambi\u00e9n public\u00f3 fotograf\u00edas de la primera dama ucraniana como su figura central en su edici\u00f3n digital m\u00e1s reciente, llam\u00e1ndola&nbsp;\u00abretrato de valent\u00eda\u00bb.&nbsp;&nbsp;<\/p>\n\n\n\n<p>En las im\u00e1genes, ella aparece sentada dentro de la oficina presidencial y vestida informalmente, adem\u00e1s de posar junto a soldados y en medio de escombros.&nbsp;<\/p>\n\n\n\n<p>Las fotograf\u00edas fueron publicadas por&nbsp;\u201cVogue\u201d&nbsp;en su cuenta de Instagram.&nbsp;<\/p>\n\n\n\n<p>A medida que la guerra en Ucrania entra en una nueva fase cr\u00edtica, la primera dama del pa\u00eds, Olena Zelenska, se ha convertido en una jugadora clave: una diplom\u00e1tica de primera l\u00ednea y el rostro del costo emocional de su naci\u00f3n\u201d, comenta \u201cVogue\u201d en Instagram.&nbsp;<\/p>\n\n\n\n<p>Las fotograf\u00edas generaron gran pol\u00e9mica en las redes sociales, donde muchos cuestionaron a la pareja presidencial por posar para una revista en un momento en que su pa\u00eds est\u00e1 siendo destruido por la guerra y miles de personas han muerto y millones m\u00e1s han sido desplazadas a causa del conflicto.&nbsp;<\/p>\n\n\n\n<p>SIGUEN ATAQUES<\/p>\n\n\n\n<p>Por otra parte, un ataque ruso caus\u00f3 ayer al menos cinco muertos y 25 heridos, entre ellos militares, en Kropivnitski, en el centro de Ucrania, anunci\u00f3 ayer el gobernador regional Andriy 12 Raikovitch, quien precis\u00f3 que los bombardeos destruyeron \u201cequipos aeron\u00e1uticos\u201d.<\/p>\n\n\n\n<p>\u201cDos hangares fueron alcanzados (&#8230;) Hasta el momento, 25 personas fueron trasladadas a centros m\u00e9dicos. Cinco v\u00edctimas m\u00e1s fallecieron\u201d, indic\u00f3 en un video en Telegram Andriy Raikovitch, jefe de la regi\u00f3n de Kirovgrad.<\/p>\n\n\n\n<p>Citado por la agencia Interfax-Ucrania, Raikovitch precis\u00f3 que hab\u00eda 12 soldados entre los heridos y que los bombardeos destruyeron \u201cequipos aeron\u00e1uticos\u201d, un avi\u00f3n civil An-26 y aeronaves de entrenamiento, as\u00ed como edificios colindantes.<\/p>\n\n\n\n<p>(Informaci\u00f3n de agencias en \u201cExc\u00e9lsior\u201d y \u201cLa Jornada\u201d)<\/p>\n","protected":false},"excerpt":{"rendered":"<p>Redacci\u00f3n\/Zona Roja Cdmx. Ciudad de M\u00e9xico, 29 de julio de 2022.- &nbsp;Volodimir Zelenski y Olena&hellip;<\/p>\n","protected":false},"author":2,"featured_media":44013,"comment_status":"closed","ping_status":"open","sticky":false,"template":"","format":"standard","meta":{"_lmt_disableupdate":"","_lmt_disable":"","_jetpack_memberships_contains_paid_content":false,"footnotes":""},"categories":[109,47],"tags":[3040],"class_list":["post-44020","post","type-post","status-publish","format-standard","has-post-thumbnail","hentry","category-minuto-a-minuto","category-zona-gris","tag-conflicto-ucrania-rusia-2"],"jetpack_featured_media_url":"https:\/\/zonaroja.com.mx\/wp-content\/uploads\/2022\/07\/Presidente-de-Ucrania-Vogue.jpeg","jetpack_sharing_enabled":true,"_links":{"self":[{"href":"https:\/\/zonaroja.com.mx\/index.php?rest_route=\/wp\/v2\/posts\/44020","targetHints":{"allow":["GET"]}}],"collection":[{"href":"https:\/\/zonaroja.com.mx\/index.php?rest_route=\/wp\/v2\/posts"}],"about":[{"href":"https:\/\/zonaroja.com.mx\/index.php?rest_route=\/wp\/v2\/types\/post"}],"author":[{"embeddable":true,"href":"https:\/\/zonaroja.com.mx\/index.php?rest_route=\/wp\/v2\/users\/2"}],"replies":[{"embeddable":true,"href":"https:\/\/zonaroja.com.mx\/index.php?rest_route=%2Fwp%2Fv2%2Fcomments&post=44020"}],"version-history":[{"count":1,"href":"https:\/\/zonaroja.com.mx\/index.php?rest_route=\/wp\/v2\/posts\/44020\/revisions"}],"predecessor-version":[{"id":44021,"href":"https:\/\/zonaroja.com.mx\/index.php?rest_route=\/wp\/v2\/posts\/44020\/revisions\/44021"}],"wp:featuredmedia":[{"embeddable":true,"href":"https:\/\/zonaroja.com.mx\/index.php?rest_route=\/wp\/v2\/media\/44013"}],"wp:attachment":[{"href":"https:\/\/zonaroja.com.mx\/index.php?rest_route=%2Fwp%2Fv2%2Fmedia&parent=44020"}],"wp:term":[{"taxonomy":"category","embeddable":true,"href":"https:\/\/zonaroja.com.mx\/index.php?rest_route=%2Fwp%2Fv2%2Fcategories&post=44020"},{"taxonomy":"post_tag","embeddable":true,"href":"https:\/\/zonaroja.com.mx\/index.php?rest_route=%2Fwp%2Fv2%2Ftags&post=44020"}],"curies":[{"name":"wp","href":"https:\/\/api.w.org\/{rel}","templated":true}]}}