{"id":44022,"date":"2022-07-29T08:11:16","date_gmt":"2022-07-29T13:11:16","guid":{"rendered":"http:\/\/www.zonaroja.com.mx\/?p=44022"},"modified":"2022-07-29T08:15:22","modified_gmt":"2022-07-29T13:15:22","slug":"asesinan-a-golpes-y-con-arma-punzocortante-a-otra-mujer-en-oaxaca","status":"publish","type":"post","link":"https:\/\/zonaroja.com.mx\/?p=44022","title":{"rendered":"Asesinan a golpes y con arma punzocortante a otra mujer en Oaxaca"},"content":{"rendered":"\n<p>Ismael Garc\u00eda M.\/Zona Roja.<\/p>\n\n\n\n<p>Oaxaca de Ju\u00e1rez, Oax., 29 de julio de 2022.- Otra mujer fue asesinada en Oaxaca.<\/p>\n\n\n\n<p>En esta ocasi\u00f3n se trata de Ofelia R. C., de aproximadamente 65 a\u00f1os de edad, ultimada a golpes y con arma blanca, en la localidad de Ju\u00e1rez R\u00edo del Hielo, del municipio de San Sebasti\u00e1n Tecomaxtlahuaca, en la regi\u00f3n Mixteca.<\/p>\n\n\n\n<p>De acuerdo con informes policiacos y ministeriales, el pasado 23 de julio la mujer hab\u00eda acudido con sus familiares a labores del campo y la hoy occisa se qued\u00f3 un rato m\u00e1s en el paraje \u201cAgua de Confesar\u201d para cortar quelites para vender.<\/p>\n\n\n\n<p>Por la noche, al no regresar a su domicilio, sus familiares fueron en su b\u00fasqueda, pero la encontraron ya muerta, con huellas de violencia y ensangrentada, as\u00ed como el cord\u00f3n de su tenate enredado en el cuello.<\/p>\n\n\n\n<p>Hasta el momento no se ha confirmado de manera oficial si hay una persona detenida por este caso, por lo que los familiares exigen justicia. La Fiscal\u00eda General del Estado de Oaxaca inici\u00f3 la indagatoria del caso bajo los protocolos de feminicidio, en la Carpeta de Investigaci\u00f3n 25606\/FMIX\/Juxtlhuaca\/2022.<\/p>\n\n\n\n<p>De acuerdo con el Centro de Documentaci\u00f3n del Grupo de Estudios sobre la Mujer \u201cRosario Castellanos\u201d, del 1 de diciembre de 2016 hasta el 27 de julio de este a\u00f1o ten\u00eda el registro de 661 mujeres asesinadas.<\/p>\n","protected":false},"excerpt":{"rendered":"<p>Ismael Garc\u00eda M.\/Zona Roja. Oaxaca de Ju\u00e1rez, Oax., 29 de julio de 2022.- Otra mujer&hellip;<\/p>\n","protected":false},"author":2,"featured_media":15774,"comment_status":"closed","ping_status":"open","sticky":false,"template":"","format":"standard","meta":{"_lmt_disableupdate":"","_lmt_disable":"","_jetpack_memberships_contains_paid_content":false,"footnotes":""},"categories":[109,51],"tags":[3212],"class_list":["post-44022","post","type-post","status-publish","format-standard","has-post-thumbnail","hentry","category-minuto-a-minuto","category-zona-roja","tag-san-sebastian-tecomaxtlahuaca"],"jetpack_featured_media_url":"https:\/\/zonaroja.com.mx\/wp-content\/uploads\/2020\/08\/Feminicidio-Oaxaca.jpg","jetpack_sharing_enabled":true,"_links":{"self":[{"href":"https:\/\/zonaroja.com.mx\/index.php?rest_route=\/wp\/v2\/posts\/44022","targetHints":{"allow":["GET"]}}],"collection":[{"href":"https:\/\/zonaroja.com.mx\/index.php?rest_route=\/wp\/v2\/posts"}],"about":[{"href":"https:\/\/zonaroja.com.mx\/index.php?rest_route=\/wp\/v2\/types\/post"}],"author":[{"embeddable":true,"href":"https:\/\/zonaroja.com.mx\/index.php?rest_route=\/wp\/v2\/users\/2"}],"replies":[{"embeddable":true,"href":"https:\/\/zonaroja.com.mx\/index.php?rest_route=%2Fwp%2Fv2%2Fcomments&post=44022"}],"version-history":[{"count":2,"href":"https:\/\/zonaroja.com.mx\/index.php?rest_route=\/wp\/v2\/posts\/44022\/revisions"}],"predecessor-version":[{"id":44025,"href":"https:\/\/zonaroja.com.mx\/index.php?rest_route=\/wp\/v2\/posts\/44022\/revisions\/44025"}],"wp:featuredmedia":[{"embeddable":true,"href":"https:\/\/zonaroja.com.mx\/index.php?rest_route=\/wp\/v2\/media\/15774"}],"wp:attachment":[{"href":"https:\/\/zonaroja.com.mx\/index.php?rest_route=%2Fwp%2Fv2%2Fmedia&parent=44022"}],"wp:term":[{"taxonomy":"category","embeddable":true,"href":"https:\/\/zonaroja.com.mx\/index.php?rest_route=%2Fwp%2Fv2%2Fcategories&post=44022"},{"taxonomy":"post_tag","embeddable":true,"href":"https:\/\/zonaroja.com.mx\/index.php?rest_route=%2Fwp%2Fv2%2Ftags&post=44022"}],"curies":[{"name":"wp","href":"https:\/\/api.w.org\/{rel}","templated":true}]}}