{"id":44033,"date":"2022-07-29T15:52:17","date_gmt":"2022-07-29T20:52:17","guid":{"rendered":"http:\/\/www.zonaroja.com.mx\/?p=44033"},"modified":"2022-07-29T15:52:20","modified_gmt":"2022-07-29T20:52:20","slug":"y-a-tres-dias-de-segunda-guelaguetza-bloqueos-otra-vez-en-oaxaca","status":"publish","type":"post","link":"https:\/\/zonaroja.com.mx\/?p=44033","title":{"rendered":"Y a tres d\u00edas de segunda Guelaguetza, bloqueos otra vez en Oaxaca"},"content":{"rendered":"\n<p>Yuridiana Sosa\/Zona Roja.<\/p>\n\n\n\n<p>Oaxaca de Ju\u00e1rez, Oax., 29 de julio de 2022.- Desconcierto y enojo se reflejaba en el rostro de decenas de turistas que vieron frustrado su viaje por Oaxaca, ante el bloqueo sobre la carretera 190 Oaxaca-Istmo, instalado la ma\u00f1ana de este viernes, en v\u00edsperas del segundo Lunes del Cerro de la Guelaguetza.<\/p>\n\n\n\n<p>Conocer las maravillas naturales y arqueol\u00f3gicas de Oaxaca en los Valles Centrales fueron motivo para que un centenar de turistas, de Guanajuato y Puerto Vallarta, Jalisco, viajaran por entre 10 y 17 horas en carretera; pero no vali\u00f3 la pena.<\/p>\n\n\n\n<p>Distribuidos en dos autobuses de turismo, los viajeros quedaron varados en la intersecci\u00f3n de la supercarretera Oaxaca \u2013Istmo sobre la v\u00eda federal 190. El recorrido de hoy era Santa Mar\u00eda el Tules y Villa de Mitla.<\/p>\n\n\n\n<p>El intento por pasar lo hizo uno de los viajeros, quien se acerc\u00f3 para pedir oportunidad de paso a los manifestantes, exponiendo el largo viaje que tuvieron, de la planeaci\u00f3n previa por cada familia dispuesta a generar derrama econ\u00f3mica para la entidad.<\/p>\n\n\n\n<p>Sin embargo, la desatenci\u00f3n que la Secretar\u00eda General de Gobierno (Segego) tiene con las comunidades, esta vez organizadas en la Uni\u00f3n de Municipios Ind\u00edgenas, fue vengada contra el turismo al negarles el paso por la \u00fanica v\u00eda por la que puede acceder el transporte, pues por los caminos alternos que proponen son inaccesibles para los camiones de turismo.<\/p>\n\n\n\n<p>\u201cYa nos arruinaron nuestras vacaciones\u201d, expres\u00f3 con frustraci\u00f3n una viajera de Puerto Vallarta, Jalisco, tras unas 17 horas de viaje. Sobre la carretera, observa junto con sus familiares el desolador escenario que viven.<\/p>\n\n\n\n<figure class=\"wp-block-embed is-type-rich is-provider-twitter wp-block-embed-twitter\"><div class=\"wp-block-embed__wrapper\">\n<div class=\"twitter-tweet\"><blockquote class=\"twitter-tweet\" data-lang=\"es\"><p lang=\"es\" dir=\"ltr\"><a href=\"https:\/\/twitter.com\/hashtag\/ENVIVO?src=hash&amp;ref_src=twsrc%5Etfw\">#ENVIVO<\/a><br>Santa Mar\u00eda El Tule, Oax., 29 de julio de 2022.- En v\u00edsperas del segundo d\u00eda de la <a href=\"https:\/\/twitter.com\/hashtag\/Guelaguetza2022?src=hash&amp;ref_src=twsrc%5Etfw\">#Guelaguetza2022<\/a>, la Union de Municipios Ind\u00edgenas de Oaxaca bloquean v\u00eda al Istmo, a la altura de planta de Pemex,para exigir recursos al gobierno. <br>Transmisi\u00f3n: \ud83d\udc47<a href=\"https:\/\/t.co\/MPgA6B56C1\">https:\/\/t.co\/MPgA6B56C1<\/a> <a href=\"https:\/\/t.co\/Vr0P5GOoO7\">pic.twitter.com\/Vr0P5GOoO7<\/a><\/p>&mdash; Zona Roja Oaxaca (@ZonaRoja_Oaxaca) <a href=\"https:\/\/twitter.com\/ZonaRoja_Oaxaca\/status\/1553051438250704897?ref_src=twsrc%5Etfw\">29 de julio de 2022<\/a><\/blockquote><\/div>\n<\/div><\/figure>\n\n\n\n<p>\u201cA visitar otros sitios, menos Oaxaca\u201d, se\u00f1al\u00f3 con enojo otro adulto mayor ante la \u00fanica opci\u00f3n de retornar del tour de este d\u00eda.<\/p>\n\n\n\n<p>Las agencias de viajes tur\u00edsticos y recorridos no tuvieron oportunidad de conocer del repentino bloqueo, que hasta el cami\u00f3n tur\u00edstico \u201cBarrilbus\u201d lleg\u00f3 a la zona del problema, y con maniobras retorn\u00f3 el viaje mientras sus ocupantes miraban con asombro el desastre.<\/p>\n\n\n\n<p>EXIGEN OBRAS<\/p>\n\n\n\n<p>Con la excusa de exigir obras de car\u00e1cter social y de haber agotado la v\u00eda institucional sin tener respuesta de la Secretar\u00eda General de Gobierno (Segego), autoridades de 16 municipios de diferentes regiones de Oaxaca instalaron un bloqueo sobre la carretera federal 190.<\/p>\n\n\n\n<p>Integrados en la Uni\u00f3n de Municipios Ind\u00edgenas de Oaxaca, los manifestantes tomaron pipas para cerrar la vialidad en inmediaciones de la planta de Pemex, en jurisdicci\u00f3n de Santa Mar\u00eda El Tule.<\/p>\n\n\n\n<p>\u201cNo al saqueo del presupuesto de Oaxaca. Aplicaci\u00f3n urgente de recursos 2022\u201d, se lee desde una de las mantas, mientras que en otras se\u00f1alan al titular de la Segego, Francisco Garc\u00eda L\u00f3pez de s\u00f3lo beneficiar a sus amigos.<\/p>\n\n\n\n<p>Eliseo Reyes, uno de los representes, indic\u00f3 que hace una semana enviaron solicitudes para audiencias con la autoridad estatal, pero no tuvieron respuesta, por lo que decidieron presionar de esta forma.<\/p>\n\n\n\n<figure class=\"wp-block-embed is-type-rich is-provider-twitter wp-block-embed-twitter\"><div class=\"wp-block-embed__wrapper\">\n<div class=\"twitter-tweet\"><blockquote class=\"twitter-tweet\" data-lang=\"es\"><p lang=\"es\" dir=\"ltr\"><a href=\"https:\/\/twitter.com\/hashtag\/%C3%9AltimoMinuto?src=hash&amp;ref_src=twsrc%5Etfw\">#\u00daltimoMinuto<\/a> <br>Con la acusaci\u00f3n de que <a href=\"https:\/\/twitter.com\/PacoPiza9?ref_src=twsrc%5Etfw\">@PacoPiza9<\/a> s\u00f3lo beneficia a sus amigos, sigue el bloqueo a la carretera <a href=\"https:\/\/twitter.com\/hashtag\/Oaxaca?src=hash&amp;ref_src=twsrc%5Etfw\">#Oaxaca<\/a>-Istmo. <br>Ya es un atractivo para turistas varados; tambi\u00e9n abusos de taxistas y quejas de usuarios. Miles caminando y <a href=\"https:\/\/twitter.com\/SEGEGO_GobOax?ref_src=twsrc%5Etfw\">@SEGEGO_GobOax<\/a> ausente. <a href=\"https:\/\/t.co\/vVzkbvFmks\">pic.twitter.com\/vVzkbvFmks<\/a><\/p>&mdash; Zona Roja Oaxaca (@ZonaRoja_Oaxaca) <a href=\"https:\/\/twitter.com\/ZonaRoja_Oaxaca\/status\/1553064459958198273?ref_src=twsrc%5Etfw\">29 de julio de 2022<\/a><\/blockquote><\/div>\n<\/div><\/figure>\n\n\n\n<p>Entre las autoridades inconformes se encuentran las de San Miguel Tilqui\u00e1pam, San Francisco Telixtlahuaca, San Jer\u00f3nimo Taviche, Santa Mar\u00eda Guelac\u00e9, Santa Cruz Amilpas, de Valles Centrales.<\/p>\n\n\n\n<p>Tambi\u00e9n &nbsp;San Juan Quiahije de la Sierra Sur; Santa Ana Yareni, San Miguel Quetzaltepec Mixe&nbsp;de la Sierra Norte, SN y Huautla de la regi\u00f3n Ca\u00f1ada, entre otros.<\/p>\n\n\n\n<p>Al lugar arrib\u00f3 personal de la Segego, pero sin respuestas que retiraran el bloqueo, mientras que cientos de habitantes, de municipios del valle de Tlacolula, y viajeros caminaban por varios kil\u00f3metros para atravesar el bloqueo a pie y transbordar.<\/p>\n\n\n\n<p>Algunos lo hicieron as\u00ed pese a tener dificultades f\u00edsicas al moverse con ayuda de muletas; otros cargando mercanc\u00edas, cajas, maletas o a sus hijos peque\u00f1os.<\/p>\n\n\n\n<p>El bloqueo adem\u00e1s de generar dificultades de movilidad propici\u00f3 el abuso de los transportistas ante la demanda.&nbsp;<\/p>\n\n\n\n<p>OTROS BLOQUEOS<\/p>\n\n\n\n<p>Las afectaciones viales tambi\u00e9n se han registrado en otros puntos de la entidad previo a la octava de la Guelaguetza en Oaxaca.<\/p>\n\n\n\n<p>Este inicio de fin de semana, la organizaci\u00f3n FNIC instal\u00f3 un bloqueo por varias horas sobre la s\u00faper carretera Oaxaca-M\u00e9xico en jurisdicci\u00f3n de Nochixtl\u00e1n.<\/p>\n\n\n\n<p>Otra manifestaci\u00f3n de pobladores de la regi\u00f3n mixteca se registr\u00f3 en la desviaci\u00f3n de Tezoatl\u00e1n de Segura y Luna.<\/p>\n\n\n\n<p>Adem\u00e1s, en la carretera federal 131 Oaxaca-Puerto Escondido, se registr\u00f3 un bloqueo m\u00e1s en inmediaciones de la comunidad El Trapiche por parte de la organizaci\u00f3n \u201cHaciendo un solo pueblo Emiliano Zapata\u201d, quienes iniciaron acciones desde el 28 de julio. Este jueves, tambi\u00e9n se activ\u00f3 un bloqueo en Tehuantepec, en la zona conocida como \u201cCampo rojo\u201d.<\/p>\n\n\n\n<figure class=\"wp-block-embed is-type-rich is-provider-twitter wp-block-embed-twitter\"><div class=\"wp-block-embed__wrapper\">\n<div class=\"twitter-tweet\"><blockquote class=\"twitter-tweet\" data-lang=\"es\"><p lang=\"es\" dir=\"ltr\"><a href=\"https:\/\/twitter.com\/hashtag\/%C3%9AltimoMinuto?src=hash&amp;ref_src=twsrc%5Etfw\">#\u00daltimoMinuto<\/a> <br>La <a href=\"https:\/\/twitter.com\/SEGEGO_GobOax?ref_src=twsrc%5Etfw\">@SEGEGO_GobOax<\/a> envi\u00f3 a funcionarios de rango menor a dialogar con ediles que bloquean la v\u00eda federal Oaxaca-Istmo.<br>Pretendieron condicionar desbloqueo a cambio de una reuni\u00f3n de trabajo.<br>El cierre vial contin\u00faa; polic\u00edas estatales se encuentran en la zona. <a href=\"https:\/\/t.co\/KoCSrv29YW\">pic.twitter.com\/KoCSrv29YW<\/a><\/p>&mdash; Zona Roja Oaxaca (@ZonaRoja_Oaxaca) <a href=\"https:\/\/twitter.com\/ZonaRoja_Oaxaca\/status\/1553111199679651841?ref_src=twsrc%5Etfw\">29 de julio de 2022<\/a><\/blockquote><\/div>\n<\/div><\/figure>\n","protected":false},"excerpt":{"rendered":"<p>Yuridiana Sosa\/Zona Roja. Oaxaca de Ju\u00e1rez, Oax., 29 de julio de 2022.- Desconcierto y enojo&hellip;<\/p>\n","protected":false},"author":2,"featured_media":44034,"comment_status":"closed","ping_status":"open","sticky":false,"template":"","format":"standard","meta":{"_lmt_disableupdate":"","_lmt_disable":"","_jetpack_memberships_contains_paid_content":false,"footnotes":""},"categories":[109,47],"tags":[2264],"class_list":["post-44033","post","type-post","status-publish","format-standard","has-post-thumbnail","hentry","category-minuto-a-minuto","category-zona-gris","tag-bloqueos-y-protestas-oaxaca"],"jetpack_featured_media_url":"https:\/\/zonaroja.com.mx\/wp-content\/uploads\/2022\/07\/Bloqueo-municipios-carretera-Istmo-Pemex.jpg","jetpack_sharing_enabled":true,"_links":{"self":[{"href":"https:\/\/zonaroja.com.mx\/index.php?rest_route=\/wp\/v2\/posts\/44033","targetHints":{"allow":["GET"]}}],"collection":[{"href":"https:\/\/zonaroja.com.mx\/index.php?rest_route=\/wp\/v2\/posts"}],"about":[{"href":"https:\/\/zonaroja.com.mx\/index.php?rest_route=\/wp\/v2\/types\/post"}],"author":[{"embeddable":true,"href":"https:\/\/zonaroja.com.mx\/index.php?rest_route=\/wp\/v2\/users\/2"}],"replies":[{"embeddable":true,"href":"https:\/\/zonaroja.com.mx\/index.php?rest_route=%2Fwp%2Fv2%2Fcomments&post=44033"}],"version-history":[{"count":1,"href":"https:\/\/zonaroja.com.mx\/index.php?rest_route=\/wp\/v2\/posts\/44033\/revisions"}],"predecessor-version":[{"id":44035,"href":"https:\/\/zonaroja.com.mx\/index.php?rest_route=\/wp\/v2\/posts\/44033\/revisions\/44035"}],"wp:featuredmedia":[{"embeddable":true,"href":"https:\/\/zonaroja.com.mx\/index.php?rest_route=\/wp\/v2\/media\/44034"}],"wp:attachment":[{"href":"https:\/\/zonaroja.com.mx\/index.php?rest_route=%2Fwp%2Fv2%2Fmedia&parent=44033"}],"wp:term":[{"taxonomy":"category","embeddable":true,"href":"https:\/\/zonaroja.com.mx\/index.php?rest_route=%2Fwp%2Fv2%2Fcategories&post=44033"},{"taxonomy":"post_tag","embeddable":true,"href":"https:\/\/zonaroja.com.mx\/index.php?rest_route=%2Fwp%2Fv2%2Ftags&post=44033"}],"curies":[{"name":"wp","href":"https:\/\/api.w.org\/{rel}","templated":true}]}}