{"id":44036,"date":"2022-07-29T15:55:21","date_gmt":"2022-07-29T20:55:21","guid":{"rendered":"http:\/\/www.zonaroja.com.mx\/?p=44036"},"modified":"2022-07-29T15:55:22","modified_gmt":"2022-07-29T20:55:22","slug":"olvida-cfe-a-san-mateo-pinas-a-de-dos-meses-de-desgracia-por-agatha","status":"publish","type":"post","link":"https:\/\/zonaroja.com.mx\/?p=44036","title":{"rendered":"Olvida CFE a San Mateo Pi\u00f1as ,a de dos meses de desgracia por \u201cAgatha\u201d"},"content":{"rendered":"\n<p>Yuridiana Sosa\/Zona Roja<\/p>\n\n\n\n<p>Oaxaca de Ju\u00e1rez, Oax., 29 de julio de 2022.- Habitantes de 22 comunidades de San Mateo Pi\u00f1as, de la regi\u00f3n Costa, viven sin energ\u00eda el\u00e9ctrica tras el paso del hurac\u00e1n \u201cAgatha\u201d hace m\u00e1s de dos meses.<\/p>\n\n\n\n<p>El activista y habitante de la comunidad, Alejandro Garc\u00eda Garc\u00eda \u2013porta voz de m\u00e1s de mil 300 pobladores- denunci\u00f3 en conferencia de prensa frente a Palacio de Gobierno, en el z\u00f3calo de la capital, sobre el olvido de las autoridades estatales y federales con este municipio.<\/p>\n\n\n\n<p>Detall\u00f3 que la falta de este servicio ha impedido que en las comunidades se puedan realizar distintas actividades diarias, comerciales y hasta de atenciones m\u00e9dicas.<\/p>\n\n\n\n<p>Tras el hurac\u00e1n, que impact\u00f3 en Oaxaca a finales de mayo, la Comisi\u00f3n Federal de Electricidad asisti\u00f3 para restablecer el servicio \u00fanicamente en la cabecera municipal, pero al paso de una semana fall\u00f3 la energ\u00eda y volvieron a quedar a oscuras.<\/p>\n\n\n\n<p>En tanto, que en una veintena de localidades nunca han llegado a tratar de reparar la energ\u00eda el\u00e9ctrica. Hay al menos 20 kil\u00f3metros de l\u00edneas tiradas en los caminos y unos 70 postes derribados por el hurac\u00e1n.<\/p>\n\n\n\n<p>El tambi\u00e9n cafetalero en la comunidad apunt\u00f3 que con energ\u00eda el\u00e9ctrica podr\u00edan echar andar su producci\u00f3n de caf\u00e9, as\u00ed como a que la poblaci\u00f3n cuente con agua potable, pues las bombas de agua que est\u00e1n por ponerse en funciones requieren de esta energ\u00eda.<\/p>\n\n\n\n<figure class=\"wp-block-embed is-type-rich is-provider-twitter wp-block-embed-twitter\"><div class=\"wp-block-embed__wrapper\">\n<div class=\"twitter-tweet\"><blockquote class=\"twitter-tweet\" data-lang=\"es\"><p lang=\"es\" dir=\"ltr\"><a href=\"https:\/\/twitter.com\/hashtag\/ENVIVO?src=hash&amp;ref_src=twsrc%5Etfw\">#ENVIVO<\/a><br>Oaxaca de Ju\u00e1rez, Oax., 29 de julio de 2022.- Conferencia de prensa de activista y cafetalero de San Mateo Pi\u00f1as, que denuncian que a dos meses del hurac\u00e1n, la <a href=\"https:\/\/twitter.com\/CFEmx?ref_src=twsrc%5Etfw\">@CFEmx<\/a> no ha rehabilitado la energ\u00eda el\u00e9ctrica.<br>Aqu\u00ed la transmisi\u00f3n: <br>\ud83d\udc47<a href=\"https:\/\/t.co\/8uevG7dc7h\">https:\/\/t.co\/8uevG7dc7h<\/a> <a href=\"https:\/\/t.co\/D3MsTV0U50\">pic.twitter.com\/D3MsTV0U50<\/a><\/p>&mdash; Zona Roja Oaxaca (@ZonaRoja_Oaxaca) <a href=\"https:\/\/twitter.com\/ZonaRoja_Oaxaca\/status\/1553094709962313731?ref_src=twsrc%5Etfw\">29 de julio de 2022<\/a><\/blockquote><\/div>\n<\/div><\/figure>\n\n\n\n<p>Sobre el recurso que el gobierno federal envi\u00f3, dijo que en el caso de los productores la ayuda es \u00fatil pero m\u00ednima en comparaci\u00f3n a las p\u00e9rdidas en cosechas y a\u00f1os de trabajo.<\/p>\n\n\n\n<p>Respecto al censo de las viviendas, se\u00f1al\u00f3 que los trabajadores del gobierno federal no contabilizaron a todos, pues no llegaron a todas las poblaciones debido a las largas distancias y falta de accesibilidad, y a las que asistieron, no se localiz\u00f3 a todas las familias que por la emergencia salieron.<\/p>\n\n\n\n<p>COMPLICACIONES<\/p>\n\n\n\n<p>El activista se\u00f1al\u00f3 que el progreso de San Mateo Pi\u00f1as tras la devastaci\u00f3n del hurac\u00e1n se complic\u00f3 con la renuncia del edil Tom\u00e1s Victorio Garc\u00eda Garc\u00eda el pasado 17 de julio, pues los recursos que envi\u00f3 el gobierno de M\u00e9xico no se pueden aplicar.<\/p>\n\n\n\n<p>Para el municipio, independientemente de los apoyos a cada familia, la autoridad federal destin\u00f3 50 millones de pesos, de los que 25 millones ya fueron depositados, pero no se pueden ocupar por la ausencia de una autoridad.<\/p>\n\n\n\n<p>Por ello llam\u00f3 al Congreso del Estado a reconocer a una nueva autoridad municipal.<\/p>\n\n\n\n<p>El ex presidente fue destituido de sus funciones durante una asamblea, bajo el argumento que abandon\u00f3 a la poblaci\u00f3n durante el desastre.&nbsp;<\/p>\n","protected":false},"excerpt":{"rendered":"<p>Yuridiana Sosa\/Zona Roja Oaxaca de Ju\u00e1rez, Oax., 29 de julio de 2022.- Habitantes de 22&hellip;<\/p>\n","protected":false},"author":2,"featured_media":44037,"comment_status":"closed","ping_status":"open","sticky":false,"template":"","format":"standard","meta":{"_lmt_disableupdate":"","_lmt_disable":"","_jetpack_memberships_contains_paid_content":false,"footnotes":""},"categories":[109,46],"tags":[2832],"class_list":["post-44036","post","type-post","status-publish","format-standard","has-post-thumbnail","hentry","category-minuto-a-minuto","category-zona-blanca","tag-san-mateo-pinas"],"jetpack_featured_media_url":"https:\/\/zonaroja.com.mx\/wp-content\/uploads\/2022\/07\/Denuncia-San-Mateo-Pinas.jpg","jetpack_sharing_enabled":true,"_links":{"self":[{"href":"https:\/\/zonaroja.com.mx\/index.php?rest_route=\/wp\/v2\/posts\/44036","targetHints":{"allow":["GET"]}}],"collection":[{"href":"https:\/\/zonaroja.com.mx\/index.php?rest_route=\/wp\/v2\/posts"}],"about":[{"href":"https:\/\/zonaroja.com.mx\/index.php?rest_route=\/wp\/v2\/types\/post"}],"author":[{"embeddable":true,"href":"https:\/\/zonaroja.com.mx\/index.php?rest_route=\/wp\/v2\/users\/2"}],"replies":[{"embeddable":true,"href":"https:\/\/zonaroja.com.mx\/index.php?rest_route=%2Fwp%2Fv2%2Fcomments&post=44036"}],"version-history":[{"count":1,"href":"https:\/\/zonaroja.com.mx\/index.php?rest_route=\/wp\/v2\/posts\/44036\/revisions"}],"predecessor-version":[{"id":44038,"href":"https:\/\/zonaroja.com.mx\/index.php?rest_route=\/wp\/v2\/posts\/44036\/revisions\/44038"}],"wp:featuredmedia":[{"embeddable":true,"href":"https:\/\/zonaroja.com.mx\/index.php?rest_route=\/wp\/v2\/media\/44037"}],"wp:attachment":[{"href":"https:\/\/zonaroja.com.mx\/index.php?rest_route=%2Fwp%2Fv2%2Fmedia&parent=44036"}],"wp:term":[{"taxonomy":"category","embeddable":true,"href":"https:\/\/zonaroja.com.mx\/index.php?rest_route=%2Fwp%2Fv2%2Fcategories&post=44036"},{"taxonomy":"post_tag","embeddable":true,"href":"https:\/\/zonaroja.com.mx\/index.php?rest_route=%2Fwp%2Fv2%2Ftags&post=44036"}],"curies":[{"name":"wp","href":"https:\/\/api.w.org\/{rel}","templated":true}]}}