{"id":44045,"date":"2022-07-29T21:29:11","date_gmt":"2022-07-30T02:29:11","guid":{"rendered":"http:\/\/www.zonaroja.com.mx\/?p=44045"},"modified":"2022-07-29T21:29:12","modified_gmt":"2022-07-30T02:29:12","slug":"detienen-a-sujetos-que-agredieron-y-acosaron-a-mujeres-en-la-capital-y-en-santa-lucia","status":"publish","type":"post","link":"https:\/\/zonaroja.com.mx\/?p=44045","title":{"rendered":"Detienen a sujetos que agredieron y acosaron a mujeres en la capital y en Santa Luc\u00eda"},"content":{"rendered":"\n<p>Redacci\u00f3n\/Zona Roja.<\/p>\n\n\n\n<p>Oaxaca de Ju\u00e1rez, Oax., 29 de julio de 2022.- Por el delito de violaci\u00f3n en agravio de una mujer, la Fiscal\u00eda General del Estado de Oaxaca (FGEO) obtuvo auto de vinculaci\u00f3n a proceso contra la persona del sexo masculino identificada como S. F. P., quien probablemente cometi\u00f3 este delito en jurisdicci\u00f3n de Santa Luc\u00eda del Camino, en la regi\u00f3n de Valles Centrales.<\/p>\n\n\n\n<p>De acuerdo con la causa penal 840\/2022, el 19 de julio de 2022, el imputado probablemente agredi\u00f3 de manera sexual a la v\u00edctima identificada como B. S. T., en el interior de un domicilio ubicado en inmediaciones de la colonia V\u00edctor Bravo Ahuja, en el referido municipio.<\/p>\n\n\n\n<p>Tras la agresi\u00f3n, el imputado fue detenido por elementos de la polic\u00eda municipal y puesto a disposici\u00f3n del Ministerio P\u00fablico de la Fiscal\u00eda de Oaxaca.<\/p>\n\n\n\n<p>En audiencia y luego de validar los datos de prueba aportados por la Fiscal\u00eda Especializada en Atenci\u00f3n a Delitos contra la Mujer por Raz\u00f3n de G\u00e9nero, el Juez en turno determin\u00f3 vincular a proceso a S. M. P., imponiendo la medida cautelar de prisi\u00f3n preventiva de manera provisional y otorg\u00f3 dos meses para el cierre de investigaci\u00f3n complementaria.<\/p>\n\n\n\n<p>EN SANTA LUC\u00cdA DEL CAMINO<\/p>\n\n\n\n<p>En el otro caso, la Fiscal\u00eda General del Estado obtuvo, del Juzgado de Control, auto de vinculaci\u00f3n a proceso contra la persona del sexo masculino identificada como Z. M. H. (de ocupaci\u00f3n taxista), probable responsable del delito de acoso sexual en agravio de la mujer V. M. R., cometido en la Ciudad de Oaxaca de Ju\u00e1rez, en la regi\u00f3n de Valles Centrales.<\/p>\n\n\n\n<p>De acuerdo con la causa penal 834\/2022, el 17 de julio de 2022, el imputado probablemente cometi\u00f3 actos lascivos frente a la v\u00edctima, cuando se encontraba en el interior de un veh\u00edculo estacionado enfrente del negocio donde ella laboraba, ubicado en inmediaciones de avenida Ferrocarril, en la capital oaxaque\u00f1a.&nbsp;&nbsp;<\/p>\n\n\n\n<p>Tras la denuncia de la v\u00edctima, elementos de la Polic\u00eda Municipal arribaron al lugar de los hechos, logrando la detenci\u00f3n del probable responsable, mismo que fue puesto a disposici\u00f3n de la FGEO.<\/p>\n\n\n\n<p>En audiencia y tras validar los datos de prueba aportados por la Fiscal\u00eda Especializada en Atenci\u00f3n a Delitos contra la Mujer por Raz\u00f3n de G\u00e9nero, el Juez en turno determin\u00f3 vincular a proceso a Z. M. H., imponiendo medidas cautelares y otorg\u00f3 un mes para el cierre de investigaci\u00f3n complementaria.<\/p>\n","protected":false},"excerpt":{"rendered":"<p>Redacci\u00f3n\/Zona Roja. Oaxaca de Ju\u00e1rez, Oax., 29 de julio de 2022.- Por el delito de&hellip;<\/p>\n","protected":false},"author":2,"featured_media":40843,"comment_status":"closed","ping_status":"open","sticky":false,"template":"","format":"standard","meta":{"_lmt_disableupdate":"","_lmt_disable":"","_jetpack_memberships_contains_paid_content":false,"footnotes":""},"categories":[109,46],"tags":[494],"class_list":["post-44045","post","type-post","status-publish","format-standard","has-post-thumbnail","hentry","category-minuto-a-minuto","category-zona-blanca","tag-fiscalia-general-del-estado-de-oaxaca"],"jetpack_featured_media_url":"https:\/\/zonaroja.com.mx\/wp-content\/uploads\/2022\/05\/Violencia-mujeres-2.webp","jetpack_sharing_enabled":true,"_links":{"self":[{"href":"https:\/\/zonaroja.com.mx\/index.php?rest_route=\/wp\/v2\/posts\/44045","targetHints":{"allow":["GET"]}}],"collection":[{"href":"https:\/\/zonaroja.com.mx\/index.php?rest_route=\/wp\/v2\/posts"}],"about":[{"href":"https:\/\/zonaroja.com.mx\/index.php?rest_route=\/wp\/v2\/types\/post"}],"author":[{"embeddable":true,"href":"https:\/\/zonaroja.com.mx\/index.php?rest_route=\/wp\/v2\/users\/2"}],"replies":[{"embeddable":true,"href":"https:\/\/zonaroja.com.mx\/index.php?rest_route=%2Fwp%2Fv2%2Fcomments&post=44045"}],"version-history":[{"count":1,"href":"https:\/\/zonaroja.com.mx\/index.php?rest_route=\/wp\/v2\/posts\/44045\/revisions"}],"predecessor-version":[{"id":44046,"href":"https:\/\/zonaroja.com.mx\/index.php?rest_route=\/wp\/v2\/posts\/44045\/revisions\/44046"}],"wp:featuredmedia":[{"embeddable":true,"href":"https:\/\/zonaroja.com.mx\/index.php?rest_route=\/wp\/v2\/media\/40843"}],"wp:attachment":[{"href":"https:\/\/zonaroja.com.mx\/index.php?rest_route=%2Fwp%2Fv2%2Fmedia&parent=44045"}],"wp:term":[{"taxonomy":"category","embeddable":true,"href":"https:\/\/zonaroja.com.mx\/index.php?rest_route=%2Fwp%2Fv2%2Fcategories&post=44045"},{"taxonomy":"post_tag","embeddable":true,"href":"https:\/\/zonaroja.com.mx\/index.php?rest_route=%2Fwp%2Fv2%2Ftags&post=44045"}],"curies":[{"name":"wp","href":"https:\/\/api.w.org\/{rel}","templated":true}]}}