{"id":44050,"date":"2022-07-31T07:22:00","date_gmt":"2022-07-31T12:22:00","guid":{"rendered":"http:\/\/www.zonaroja.com.mx\/?p=44050"},"modified":"2022-07-30T22:07:03","modified_gmt":"2022-07-31T03:07:03","slug":"propone-especialista-fortalecer-la-ley-general-de-victimas","status":"publish","type":"post","link":"https:\/\/zonaroja.com.mx\/?p=44050","title":{"rendered":"Propone especialista fortalecer la Ley General de V\u00edctimas"},"content":{"rendered":"\n<p>Redacci\u00f3n\/Zona Roja.<\/p>\n\n\n\n<p>Oaxaca de Ju\u00e1rez, Oax., a 31 de julio de 2022.- El maestro Silvano Cant\u00fa Mart\u00ednez, consultor independiente en derechos humanos y g\u00e9nero, as\u00ed como profesor de posgrado en diversas universidades, afirm\u00f3 que la Ley General de V\u00edctimas ha representado una apuesta para compensar el abandono hist\u00f3rico de las mismas, ya que en esta se establece su derecho a la protecci\u00f3n del Estado, incluido su bienestar f\u00edsico, psicol\u00f3gico y la seguridad de su entorno, con respeto a su dignidad y privacidad.<\/p>\n\n\n\n<p>\u201cSon pr\u00e1cticas que ahora deben&nbsp;hacerse&nbsp;cotidianas\u201d, apunt\u00f3 en entrevista en el marco de su estancia en Oaxaca, donde a invitaci\u00f3n del Poder Judicial del Estado imparti\u00f3 una capacitaci\u00f3n especializada&nbsp;con el tema \u201cReparaci\u00f3n integral en el derecho penal y en el derecho&nbsp;victimal\u201d, dirigida a magistradas, magistrados, secretarias y secretarios de estudio y cuenta del Tribunal&nbsp;Superior de Justicia.&nbsp;<\/p>\n\n\n\n<p>Tras considerar indispensable incorporar en la pr\u00e1ctica cotidiana de los poderes judiciales el derecho&nbsp;victimal, ya que es la v\u00edctima la figura m\u00e1s olvidada en los sistemas de justicia del pa\u00eds, destac\u00f3 la labor&nbsp;de la instituci\u00f3n responsable de impartir justicia en esta materia&nbsp;incluso&nbsp;desde antes de&nbsp;que se expidiera la Ley General de V\u00edctimas.&nbsp;<\/p>\n\n\n\n<p>El&nbsp;Tribunal Superior de Justicia ha realizado gestiones en el conocimiento de sus casos para brindar medidas&nbsp;de ayuda,&nbsp;asistencia y de reparaci\u00f3n integral en los casos que resuelve, apunt\u00f3 el especialista.<\/p>\n\n\n\n<p>\u201cMe parece relevante el hecho de que, a partir de la Reforma Constitucional en derechos humanos, el Estado en su conjunto sea una gran caja de herramientas para garantizar los derechos de las personas, lo cual tiene que traducirse en un refuerzo de empat\u00eda, en un acercamiento y en un abrazo a todas aquellas personas que se encuentran en la situaci\u00f3n de mayor precarizaci\u00f3n de sus derechos&nbsp;en el pa\u00eds, como son las v\u00edctimas\u201d.&nbsp;<\/p>\n\n\n\n<p>Durante la capacitaci\u00f3n&nbsp;que imparti\u00f3 en el Poder Judicial de Oaxaca,&nbsp;el maestro Silvano Cant\u00fa abord\u00f3&nbsp;aspectos generales de la reparaci\u00f3n integral del da\u00f1o; los derechos y sujetos del derecho&nbsp;victimal, hechos&nbsp;victimizantes&nbsp;y da\u00f1o, la reparaci\u00f3n integral por error judicial y las caracter\u00edsticas de las reparaciones por violaciones de derechos humanos.<\/p>\n","protected":false},"excerpt":{"rendered":"<p>Redacci\u00f3n\/Zona Roja. Oaxaca de Ju\u00e1rez, Oax., a 31 de julio de 2022.- El maestro Silvano&hellip;<\/p>\n","protected":false},"author":2,"featured_media":44051,"comment_status":"closed","ping_status":"open","sticky":false,"template":"","format":"standard","meta":{"_lmt_disableupdate":"","_lmt_disable":"","_jetpack_memberships_contains_paid_content":false,"footnotes":""},"categories":[109,46],"tags":[223],"class_list":["post-44050","post","type-post","status-publish","format-standard","has-post-thumbnail","hentry","category-minuto-a-minuto","category-zona-blanca","tag-poder-judicial-de-oaxaca"],"jetpack_featured_media_url":"https:\/\/zonaroja.com.mx\/wp-content\/uploads\/2022\/07\/Poder-Judicial-capacitacion-1.jpg","jetpack_sharing_enabled":true,"_links":{"self":[{"href":"https:\/\/zonaroja.com.mx\/index.php?rest_route=\/wp\/v2\/posts\/44050","targetHints":{"allow":["GET"]}}],"collection":[{"href":"https:\/\/zonaroja.com.mx\/index.php?rest_route=\/wp\/v2\/posts"}],"about":[{"href":"https:\/\/zonaroja.com.mx\/index.php?rest_route=\/wp\/v2\/types\/post"}],"author":[{"embeddable":true,"href":"https:\/\/zonaroja.com.mx\/index.php?rest_route=\/wp\/v2\/users\/2"}],"replies":[{"embeddable":true,"href":"https:\/\/zonaroja.com.mx\/index.php?rest_route=%2Fwp%2Fv2%2Fcomments&post=44050"}],"version-history":[{"count":2,"href":"https:\/\/zonaroja.com.mx\/index.php?rest_route=\/wp\/v2\/posts\/44050\/revisions"}],"predecessor-version":[{"id":44081,"href":"https:\/\/zonaroja.com.mx\/index.php?rest_route=\/wp\/v2\/posts\/44050\/revisions\/44081"}],"wp:featuredmedia":[{"embeddable":true,"href":"https:\/\/zonaroja.com.mx\/index.php?rest_route=\/wp\/v2\/media\/44051"}],"wp:attachment":[{"href":"https:\/\/zonaroja.com.mx\/index.php?rest_route=%2Fwp%2Fv2%2Fmedia&parent=44050"}],"wp:term":[{"taxonomy":"category","embeddable":true,"href":"https:\/\/zonaroja.com.mx\/index.php?rest_route=%2Fwp%2Fv2%2Fcategories&post=44050"},{"taxonomy":"post_tag","embeddable":true,"href":"https:\/\/zonaroja.com.mx\/index.php?rest_route=%2Fwp%2Fv2%2Ftags&post=44050"}],"curies":[{"name":"wp","href":"https:\/\/api.w.org\/{rel}","templated":true}]}}