{"id":44056,"date":"2022-07-30T11:20:00","date_gmt":"2022-07-30T16:20:00","guid":{"rendered":"http:\/\/www.zonaroja.com.mx\/?p=44056"},"modified":"2022-07-30T07:28:19","modified_gmt":"2022-07-30T12:28:19","slug":"brasileno-secuestro-en-su-casa-a-su-mujer-y-dos-hijos-por-17-anos","status":"publish","type":"post","link":"https:\/\/zonaroja.com.mx\/?p=44056","title":{"rendered":"Brasile\u00f1o secuestr\u00f3 en su casa a su mujer y dos hijos por 17 a\u00f1os"},"content":{"rendered":"\n<p>Redacci\u00f3n\/Zona Roja Cdmx.<\/p>\n\n\n\n<p>Ciudad de M\u00e9xico, a 30 de julio de 2022.- La polic\u00eda brasile\u00f1a rescat\u00f3 a una mujer y sus dos hijos, que permanecieron secuestrados por el propio padre durante 17 a\u00f1os, periodo en el que estuvieron encarcelados en su casa, informaron este viernes las autoridades.<\/p>\n\n\n\n<p>La mujer y sus dos hijos, de 17 y 22 a\u00f1os, se encontraban amarrados, sucios y desnutridos en una habitaci\u00f3n en condiciones insalubres en Guaratiba, un barrio situado en la zona oeste de R\u00edo de Janeiro, explic\u00f3 en un comunicado la Polic\u00eda Militar, que consigui\u00f3 ponerles en libertad tras recibir una denuncia an\u00f3nima.<\/p>\n\n\n\n<p>Las autoridades tambi\u00e9n detuvieron al secuestrador, identificado como Luiz Antonio Santos Silva, padre de los dos j\u00f3venes, quienes ten\u00edan apariencia de ni\u00f1os debido a los evidentes signos de desnutrici\u00f3n, seg\u00fan relat\u00f3 el capit\u00e1n de la Polic\u00eda Militar William Oliveira, quien particip\u00f3 en la operaci\u00f3n de rescate.<\/p>\n\n\n\n<p>Santos Silva mantuvo encarcelados a su mujer y sus dos hijos durante cerca de dos d\u00e9cadas en una habitaci\u00f3n de cemento sin revestir, sin agua potable, repleta de humedad, con heces y sin circulaci\u00f3n de aire, ya que las ventanas y puertas se encontraban tapiadas.<\/p>\n\n\n\n<p>Una vez rescatada, la mujer relat\u00f3 a las autoridades que no ve\u00eda la luz del d\u00eda desde hac\u00eda 17 a\u00f1os y que tan solo pod\u00edan comer cuando eran autorizados por su marido.<\/p>\n\n\n\n<p>\u00abDijo que no ve\u00eda la luz del d\u00eda desde hac\u00eda 17 a\u00f1os, era la primera vez en todo ese tiempo, y dec\u00eda que sent\u00eda dolor por la luz del sol. Le ofrecimos agua, le pregunt\u00e9 si hab\u00eda comido alguna cosa y si quer\u00eda comer, dijo que no. Dec\u00eda &#8216;no, o no, no puedo comer, no nos deja comer sin su autorizaci\u00f3n\u00bb, relat\u00f3 Oliveira, en declaraciones recogidas por medios locales.<\/p>\n\n\n\n<p>\u00abLe expliqu\u00e9 que ella y los hijos estaban en libertad ahora y que el hombre hab\u00eda sido preso, pero a\u00fan as\u00ed ella insisti\u00f3 y no comi\u00f3 nada\u00bb, agreg\u00f3.<\/p>\n\n\n\n<p>Los j\u00f3venes no hablaban, se encontraban ansiosos y balbuceaban. \u00abInicialmente pens\u00e1bamos que eran ni\u00f1os, debido al grado de desnutrici\u00f3n\u00bb, se\u00f1al\u00f3 Oliveira.&nbsp;<\/p>\n\n\n\n<p>(Informaci\u00f3n de la agencia EFE)<\/p>\n","protected":false},"excerpt":{"rendered":"<p>Redacci\u00f3n\/Zona Roja Cdmx. Ciudad de M\u00e9xico, a 30 de julio de 2022.- La polic\u00eda brasile\u00f1a&hellip;<\/p>\n","protected":false},"author":2,"featured_media":44057,"comment_status":"closed","ping_status":"open","sticky":false,"template":"","format":"standard","meta":{"_lmt_disableupdate":"","_lmt_disable":"","_jetpack_memberships_contains_paid_content":false,"footnotes":""},"categories":[109,47],"tags":[],"class_list":["post-44056","post","type-post","status-publish","format-standard","has-post-thumbnail","hentry","category-minuto-a-minuto","category-zona-gris"],"jetpack_featured_media_url":"https:\/\/zonaroja.com.mx\/wp-content\/uploads\/2022\/07\/Secuestradas-Brasil.jpeg","jetpack_sharing_enabled":true,"_links":{"self":[{"href":"https:\/\/zonaroja.com.mx\/index.php?rest_route=\/wp\/v2\/posts\/44056","targetHints":{"allow":["GET"]}}],"collection":[{"href":"https:\/\/zonaroja.com.mx\/index.php?rest_route=\/wp\/v2\/posts"}],"about":[{"href":"https:\/\/zonaroja.com.mx\/index.php?rest_route=\/wp\/v2\/types\/post"}],"author":[{"embeddable":true,"href":"https:\/\/zonaroja.com.mx\/index.php?rest_route=\/wp\/v2\/users\/2"}],"replies":[{"embeddable":true,"href":"https:\/\/zonaroja.com.mx\/index.php?rest_route=%2Fwp%2Fv2%2Fcomments&post=44056"}],"version-history":[{"count":1,"href":"https:\/\/zonaroja.com.mx\/index.php?rest_route=\/wp\/v2\/posts\/44056\/revisions"}],"predecessor-version":[{"id":44058,"href":"https:\/\/zonaroja.com.mx\/index.php?rest_route=\/wp\/v2\/posts\/44056\/revisions\/44058"}],"wp:featuredmedia":[{"embeddable":true,"href":"https:\/\/zonaroja.com.mx\/index.php?rest_route=\/wp\/v2\/media\/44057"}],"wp:attachment":[{"href":"https:\/\/zonaroja.com.mx\/index.php?rest_route=%2Fwp%2Fv2%2Fmedia&parent=44056"}],"wp:term":[{"taxonomy":"category","embeddable":true,"href":"https:\/\/zonaroja.com.mx\/index.php?rest_route=%2Fwp%2Fv2%2Fcategories&post=44056"},{"taxonomy":"post_tag","embeddable":true,"href":"https:\/\/zonaroja.com.mx\/index.php?rest_route=%2Fwp%2Fv2%2Ftags&post=44056"}],"curies":[{"name":"wp","href":"https:\/\/api.w.org\/{rel}","templated":true}]}}