{"id":44061,"date":"2022-07-30T07:48:29","date_gmt":"2022-07-30T12:48:29","guid":{"rendered":"http:\/\/www.zonaroja.com.mx\/?p=44061"},"modified":"2022-07-30T07:48:30","modified_gmt":"2022-07-30T12:48:30","slug":"el-deporte-me-quito-la-tristeza-por-no-haber-estudiado-abuelita-basquetbolista","status":"publish","type":"post","link":"https:\/\/zonaroja.com.mx\/?p=44061","title":{"rendered":"\u201cEl deporte me quit\u00f3 la tristeza por no haber estudiado\u201d: abuelita basquetbolista"},"content":{"rendered":"\n<p>Redacci\u00f3n\/Zona Roja Cdmx.<\/p>\n\n\n\n<p>Ciudad de M\u00e9xico, 30 de julio de 2022.- La se\u00f1ora Andrea Garc\u00eda L\u00f3pez, de 71 a\u00f1os de edad, se volvi\u00f3 viral jugando b\u00e1squet en la cancha de su natal San Esteban Atatlahuca, en la Mixteca de Oaxaca.<\/p>\n\n\n\n<p>Naci\u00f3 en 1951 y sigue practicando el deporte que le ayud\u00f3 a superar la tristeza de no haber ido a la escuela.<\/p>\n\n\n\n<p>\u00abPues yo me siento tan orgullosa de estar jugando porque\u2026yo cuando crec\u00ed no me dieron mi pap\u00e1 ni mi mam\u00e1 no me dieron mi estudio\u2026No me dieron el tiempo de ir a la escuela\u00bb, dijo la abuelita.<\/p>\n\n\n\n<p>Dej\u00f3 su pueblo para ir a trabajar como artesana a la capital del pa\u00eds y decidi\u00f3 volver en 2006 para cumplir con lo que antes la pobreza le neg\u00f3.<\/p>\n\n\n\n<p>\u00abEmpec\u00e9 con la primaria en 2006, entr\u00e9 a quinto porque ten\u00eda yo una prueba que yo sab\u00eda leer, entonces me metieron quinto, termin\u00e9 mi sexto, terminando sexto empec\u00e9 con la secundaria y ya terminado de la secundaria pues me sent\u00ed m\u00e1s orgullosa porque ya sab\u00eda leer mejor, expresar mejor pues ya se cambi\u00f3 mi vida\u00bb<\/p>\n\n\n\n<p>En la feria anual de los hongos de su pueblo, particip\u00f3 en un juego de demostraci\u00f3n.<\/p>\n\n\n\n<p>\u00abS\u00ed ustedes se dar\u00e1n cuenta no hay edad para practicar el basquetbol, lo que bien se aprende no se olvida, y tenemos ese gran honor de contar con las comunidades y sus representantes para hacer un partido de exhibici\u00f3n al equipo que representa la t\u00eda Andrea\u00bb, dijo Mauro V\u00e1squez, regidor San Esteban Atatlahuca.<\/p>\n\n\n\n<p>El juego comenz\u00f3 desfavorable para el equipo \u201cArtesanas\u201d de do\u00f1a Andrea integrado en su mayor\u00eda por adultas mayores.<\/p>\n\n\n\n<p>Pero en una recuperaci\u00f3n de bal\u00f3n el encuentro se emparej\u00f3 y la estrella del equipo y de Atatlahuca, comenz\u00f3 a figurar.<\/p>\n\n\n\n<p>Enceste tras enceste, demostr\u00f3 que la imagen de la adulta mayor, encasillada en la cocina y cuidar a los nietos, est\u00e1 lejos de este equipo de b\u00e1squetbol, donde la edad no tiene l\u00edmites, como lo explica la primera mujer que ocupa un cargo municipal en Atatlahuca.<\/p>\n\n\n\n<p>\u00abNo es normal para nosotras como mujeres ind\u00edgenas de que podamos ejercer estos espacios pero estamos seguras que desde este trabajo que hacemos con las ense\u00f1anzas de nuestras abuelas de do\u00f1a Andrea que las mujeres que vienen de otras generaciones va a haber un cambio para \u00e9ste pueblo\u00bb, dijo Maribel Velasco Garc\u00eda, s\u00edndica de San Esteban Atatlahuca.<\/p>\n\n\n\n<p>La se\u00f1ora Andrea, artesana de oficio, madre de seis hijos que ya superan los 40 a\u00f1os de edad, campesina dedicada al ma\u00edz y frijol, vive en una casa de madera y piso de tierra\u2026 desde donde pide ayuda para una dolencia que le est\u00e1 comenzando en la rodilla.<\/p>\n\n\n\n<p>\u00abMe duele a un ladito no m\u00e1s aqu\u00ed este huesito y ya el doctor me mand\u00f3 hacer un radio x y dice que todo est\u00e1 bien, pero me duele aqu\u00ed\u2026qui\u00e9n sabe c\u00f3mo har\u00e9\u00bb, concluy\u00f3 la abuelita.<\/p>\n\n\n\n<p>(Informaci\u00f3n de Jos\u00e9 de Jes\u00fas Cort\u00e9s en \u201cExc\u00e9lsior\u201d)<\/p>\n","protected":false},"excerpt":{"rendered":"<p>Redacci\u00f3n\/Zona Roja Cdmx. Ciudad de M\u00e9xico, 30 de julio de 2022.- La se\u00f1ora Andrea Garc\u00eda&hellip;<\/p>\n","protected":false},"author":2,"featured_media":44062,"comment_status":"closed","ping_status":"open","sticky":false,"template":"","format":"standard","meta":{"_lmt_disableupdate":"","_lmt_disable":"","_jetpack_memberships_contains_paid_content":false,"footnotes":""},"categories":[109,46],"tags":[1025],"class_list":["post-44061","post","type-post","status-publish","format-standard","has-post-thumbnail","hentry","category-minuto-a-minuto","category-zona-blanca","tag-san-esteban-atatlahuca"],"jetpack_featured_media_url":"https:\/\/zonaroja.com.mx\/wp-content\/uploads\/2022\/07\/Abuela-basquetbolista-Atatlahuca.jpeg","jetpack_sharing_enabled":true,"_links":{"self":[{"href":"https:\/\/zonaroja.com.mx\/index.php?rest_route=\/wp\/v2\/posts\/44061","targetHints":{"allow":["GET"]}}],"collection":[{"href":"https:\/\/zonaroja.com.mx\/index.php?rest_route=\/wp\/v2\/posts"}],"about":[{"href":"https:\/\/zonaroja.com.mx\/index.php?rest_route=\/wp\/v2\/types\/post"}],"author":[{"embeddable":true,"href":"https:\/\/zonaroja.com.mx\/index.php?rest_route=\/wp\/v2\/users\/2"}],"replies":[{"embeddable":true,"href":"https:\/\/zonaroja.com.mx\/index.php?rest_route=%2Fwp%2Fv2%2Fcomments&post=44061"}],"version-history":[{"count":1,"href":"https:\/\/zonaroja.com.mx\/index.php?rest_route=\/wp\/v2\/posts\/44061\/revisions"}],"predecessor-version":[{"id":44063,"href":"https:\/\/zonaroja.com.mx\/index.php?rest_route=\/wp\/v2\/posts\/44061\/revisions\/44063"}],"wp:featuredmedia":[{"embeddable":true,"href":"https:\/\/zonaroja.com.mx\/index.php?rest_route=\/wp\/v2\/media\/44062"}],"wp:attachment":[{"href":"https:\/\/zonaroja.com.mx\/index.php?rest_route=%2Fwp%2Fv2%2Fmedia&parent=44061"}],"wp:term":[{"taxonomy":"category","embeddable":true,"href":"https:\/\/zonaroja.com.mx\/index.php?rest_route=%2Fwp%2Fv2%2Fcategories&post=44061"},{"taxonomy":"post_tag","embeddable":true,"href":"https:\/\/zonaroja.com.mx\/index.php?rest_route=%2Fwp%2Fv2%2Ftags&post=44061"}],"curies":[{"name":"wp","href":"https:\/\/api.w.org\/{rel}","templated":true}]}}