{"id":44067,"date":"2022-07-30T09:59:00","date_gmt":"2022-07-30T14:59:00","guid":{"rendered":"http:\/\/www.zonaroja.com.mx\/?p=44067"},"modified":"2022-07-30T08:05:07","modified_gmt":"2022-07-30T13:05:07","slug":"desaparece-secretaria-de-bienestar-de-oaxaca-150-millones-de-pesos","status":"publish","type":"post","link":"https:\/\/zonaroja.com.mx\/?p=44067","title":{"rendered":"Desaparece Secretar\u00eda de Bienestar de Oaxaca 150 millones de pesos"},"content":{"rendered":"\n<p>Yuridiana Sosa\/Zona Roja.<\/p>\n\n\n\n<p>Oaxaca de Ju\u00e1rez, Oax., a 30 de julio 2022.- A m\u00e1s de seis meses de iniciado el ejercicio fiscal 2022, la Secretar\u00eda de Bienestar (Serien) del Gobierno del Estado sigue sin aclarar el destino de 150 millones de pesos aprobados en el Presupuesto de Egresos de Oaxaca 2022 para un programa emergente por la contingencia sanitaria de Covid-19.<\/p>\n\n\n\n<p>Ante la omisi\u00f3n de dicha secretar\u00eda responsable de su ejecuci\u00f3n, que preside Yolanda Mart\u00ednez L\u00f3pez, la 65 Legislatura de Oaxaca aprob\u00f3 un exhorto al gobernador de Oaxaca, Alejandro Murat, para que informe sobre la aplicaci\u00f3n de este recurso.<\/p>\n\n\n\n<p>En el presupuesto, el Congreso aprob\u00f3 que los 150 millones de pesos se aplicaran para el fortalecimiento de la econom\u00eda de mujeres y hombres entre 18 y 59 a\u00f1os de edad que a consecuencia de la pandemia de Covid-19 se quedaron sin empleo o en situaci\u00f3n de pobreza.<\/p>\n\n\n\n<p>Para lo cual, tambi\u00e9n se precis\u00f3, que la Secretar\u00eda de Bienestar del Estado de Oaxaca se encargar\u00eda de su aplicaci\u00f3n por medio del dise\u00f1o e implementaci\u00f3n de un programa a beneficio de la poblaci\u00f3n, del cual ten\u00eda que haber informado como plazo l\u00edmite en el mes de marzo.<\/p>\n\n\n\n<p>La diputada de Morena, Dennis&nbsp;Garc\u00eda&nbsp;Guti\u00e9rrez, quien plante\u00f3 el problema, se\u00f1al\u00f3 que en diversas ocasiones se han realizado llamados a la Serien, actualmente a cargo de Yolanda Mart\u00ednez L\u00f3pez, pero la evasi\u00f3n de su obligaci\u00f3n contin\u00faa.<\/p>\n\n\n\n<p>\u201cDicha omisi\u00f3n amerita el inicio de un procedimiento en t\u00e9rminos de los dispuesto por la ley de responsabilidades administrativas del estado y de los municipios de Oaxaca\u201d, apunt\u00f3 Garc\u00eda Guti\u00e9rrez, presidenta de la Comisi\u00f3n de Bienestar y Fomento Cooperativo.<\/p>\n\n\n\n<p>La propuesta fue respaldada por la diputada Miriam&nbsp;de los \u00c1ngeles V\u00e1zquez Ru\u00edz, del PT, quien record\u00f3 que en abril tambi\u00e9n se aprob\u00f3 un acuerdo para que la Sebien publicara las reglas de operaci\u00f3n y el balance de ese programa, de lo que no se tuvo respuesta.<\/p>\n\n\n\n<p>Adem\u00e1s, propuso a los diputados solicitar la presencia de la titular de esa secretar\u00eda para una comparecencia, pues es injusto que el dinero destinado a ayudar a la poblaci\u00f3n vulnerable no se aplique con ese prop\u00f3sito.<\/p>\n\n\n\n<figure class=\"wp-block-embed is-type-rich is-provider-twitter wp-block-embed-twitter\"><div class=\"wp-block-embed__wrapper\">\n<div class=\"twitter-tweet\"><blockquote class=\"twitter-tweet\" data-lang=\"es\"><p lang=\"es\" dir=\"ltr\">La diputada <a href=\"https:\/\/twitter.com\/miriamvr7?ref_src=twsrc%5Etfw\">@miriamvr7<\/a> tambi\u00e9n se pronunci\u00f3 sobre el probable desv\u00edo de recursos de la <a href=\"https:\/\/twitter.com\/SEBIEN_GobOax?ref_src=twsrc%5Etfw\">@SEBIEN_GobOax<\/a>.<br>Al final, con apenas 22 votos fue aprobado el exhorto a la titular de la dependencia, <a href=\"https:\/\/twitter.com\/Yola_MartinezL?ref_src=twsrc%5Etfw\">@Yola_MartinezL<\/a> para que d\u00e9 explicaciones sobre los 150 millones de pesos. <a href=\"https:\/\/t.co\/z6vwr71tjT\">pic.twitter.com\/z6vwr71tjT<\/a><\/p>&mdash; Zona Roja Oaxaca (@ZonaRoja_Oaxaca) <a href=\"https:\/\/twitter.com\/ZonaRoja_Oaxaca\/status\/1553185015424589824?ref_src=twsrc%5Etfw\">30 de julio de 2022<\/a><\/blockquote><\/div>\n<\/div><\/figure>\n","protected":false},"excerpt":{"rendered":"<p>Yuridiana Sosa\/Zona Roja. Oaxaca de Ju\u00e1rez, Oax., a 30 de julio 2022.- A m\u00e1s de&hellip;<\/p>\n","protected":false},"author":2,"featured_media":11276,"comment_status":"closed","ping_status":"open","sticky":false,"template":"","format":"standard","meta":{"_lmt_disableupdate":"","_lmt_disable":"","_jetpack_memberships_contains_paid_content":false,"footnotes":""},"categories":[109,47],"tags":[1628],"class_list":["post-44067","post","type-post","status-publish","format-standard","has-post-thumbnail","hentry","category-minuto-a-minuto","category-zona-gris","tag-secretaria-de-bienestar-de-oaxaca-sebien"],"jetpack_featured_media_url":"https:\/\/zonaroja.com.mx\/wp-content\/uploads\/2020\/04\/Yolanda-Martinez-Lopez.jpg","jetpack_sharing_enabled":true,"_links":{"self":[{"href":"https:\/\/zonaroja.com.mx\/index.php?rest_route=\/wp\/v2\/posts\/44067","targetHints":{"allow":["GET"]}}],"collection":[{"href":"https:\/\/zonaroja.com.mx\/index.php?rest_route=\/wp\/v2\/posts"}],"about":[{"href":"https:\/\/zonaroja.com.mx\/index.php?rest_route=\/wp\/v2\/types\/post"}],"author":[{"embeddable":true,"href":"https:\/\/zonaroja.com.mx\/index.php?rest_route=\/wp\/v2\/users\/2"}],"replies":[{"embeddable":true,"href":"https:\/\/zonaroja.com.mx\/index.php?rest_route=%2Fwp%2Fv2%2Fcomments&post=44067"}],"version-history":[{"count":1,"href":"https:\/\/zonaroja.com.mx\/index.php?rest_route=\/wp\/v2\/posts\/44067\/revisions"}],"predecessor-version":[{"id":44068,"href":"https:\/\/zonaroja.com.mx\/index.php?rest_route=\/wp\/v2\/posts\/44067\/revisions\/44068"}],"wp:featuredmedia":[{"embeddable":true,"href":"https:\/\/zonaroja.com.mx\/index.php?rest_route=\/wp\/v2\/media\/11276"}],"wp:attachment":[{"href":"https:\/\/zonaroja.com.mx\/index.php?rest_route=%2Fwp%2Fv2%2Fmedia&parent=44067"}],"wp:term":[{"taxonomy":"category","embeddable":true,"href":"https:\/\/zonaroja.com.mx\/index.php?rest_route=%2Fwp%2Fv2%2Fcategories&post=44067"},{"taxonomy":"post_tag","embeddable":true,"href":"https:\/\/zonaroja.com.mx\/index.php?rest_route=%2Fwp%2Fv2%2Ftags&post=44067"}],"curies":[{"name":"wp","href":"https:\/\/api.w.org\/{rel}","templated":true}]}}