{"id":44075,"date":"2022-07-30T19:03:56","date_gmt":"2022-07-31T00:03:56","guid":{"rendered":"http:\/\/www.zonaroja.com.mx\/?p=44075"},"modified":"2022-07-30T19:03:57","modified_gmt":"2022-07-31T00:03:57","slug":"reprueba-consejo-consultivo-del-ch-de-oaxaca-el-gobierno-de-martinez-neri","status":"publish","type":"post","link":"https:\/\/zonaroja.com.mx\/?p=44075","title":{"rendered":"Reprueba Consejo Consultivo del CH de Oaxaca el gobierno de Mart\u00ednez Neri"},"content":{"rendered":"\n<p>Yuridiana Sosa\/Zona Roja.<\/p>\n\n\n\n<p>Oaxaca de Ju\u00e1rez, Oax., 30 de julio de 2022.- Integrantes del Consejo Consultivo del Centro Hist\u00f3rico de la Ciudad de Oaxaca de Ju\u00e1rez manifestaron su desaprobaci\u00f3n al uso de los espacios p\u00fablicos de la capital por parte del gobierno municipal que encabeza Francisco Mart\u00ednez Neri, el cual prioriza instalaci\u00f3n de puestos ambulantes antes que a las artes.<\/p>\n\n\n\n<p>Este s\u00e1bado, a una semana del desalojo de 30 obras de artes que integraban la exposici\u00f3n p\u00fablica en homenaje a Rufino Tamayo sobre la calle Gurri\u00f3n, a un costado del templo de Santo Domingo de Guzm\u00e1n, este grupo ciudadano se pronunci\u00f3 a favor de los artistas pl\u00e1sticos y se\u00f1al\u00f3 las deficiencias de la autoridad para el correcto uso de las calles.<\/p>\n\n\n\n<p>En conferencia de prensa, los inconformes expusieron que la indebida ocupaci\u00f3n y la no aplicaci\u00f3n del reglamento para el espacio p\u00fablico puede costarle a la ciudad patrimonio mundial una amonestaci\u00f3n de la Organizaci\u00f3n de las Naciones Unidas para la Educaci\u00f3n, la Ciencia y la Cultura (Unesco).<\/p>\n\n\n\n<p>Desde hace varios a\u00f1os, tanto los gobiernos federal, estatal y principalmente el municipal, han descuidado la normativa, que establece -entre otras cosas- sencillos lineamientos como horarios para carga y descarga de camiones y la no ocupaci\u00f3n de terrazas, lo cual es preocupante porque no se cumplen, expresaron.<\/p>\n\n\n\n<p>Sin embargo, se\u00f1alaron, el desalojo de hace una semana es el claro ejemplo de que la autoridad local ha preferido que sus calles y plazas sean ocupadas para otros fines distintos a las artes, pues fue preferible ser ocupada de estacionamiento y locaci\u00f3n para una producci\u00f3n de televisi\u00f3n, a seguir fomentando la cultura.<\/p>\n\n\n\n<p>Por un lado, el gobierno de Mart\u00ednez Neri ofrece 150 permisos para puestos de vendedores ambulantes en Guelaguetza, as\u00ed como ocupar las calles del Centro Hist\u00f3rico en el momento que les plazca, y por otro retira una exposici\u00f3n pict\u00f3rica, valiosa para la ciudad y el turismo.<\/p>\n\n\n\n<p>La exposici\u00f3n de \u201csandias\u201d por una de las obras m\u00e1s representativas del pintor oaxaque\u00f1o, y que por nueve meses permaneci\u00f3 en esa sede, hizo eco entre la identidad ciudadana, quien comenzaba a identificar a ese espacio como la calle de las sand\u00edas, indic\u00f3 el representante del Consejo.<\/p>\n\n\n\n<p>Por todo eso, precisaron que es claro que el gobierno de Oaxaca de Ju\u00e1rez no cuenta con una visi\u00f3n sobre el uso de los espacios p\u00fablicos, ni tiene intenciones de aplicar el reglamento.<\/p>\n\n\n\n<p>El Consejo Consultivo del Centro Hist\u00f3rico, elegido por la autoridad municipal, tiene como objetivo conservar, proteger y rehabilitar el Patrimonio Cultural del municipio de Oaxaca de Ju\u00e1rez.<\/p>\n\n\n\n<p>As\u00ed como promover y propiciar acciones educativas, culturales, art\u00edsticas e intelectuales p\u00fablicas y privadas, adem\u00e1s de las que tengan que ver con la protecci\u00f3n y conservaci\u00f3n de monumentos art\u00edsticos, hist\u00f3ricos y t\u00edpicos que conforman el centro hist\u00f3rico.<\/p>\n","protected":false},"excerpt":{"rendered":"<p>Yuridiana Sosa\/Zona Roja. Oaxaca de Ju\u00e1rez, Oax., 30 de julio de 2022.- Integrantes del Consejo&hellip;<\/p>\n","protected":false},"author":2,"featured_media":44076,"comment_status":"closed","ping_status":"open","sticky":false,"template":"","format":"standard","meta":{"_lmt_disableupdate":"","_lmt_disable":"","_jetpack_memberships_contains_paid_content":false,"footnotes":""},"categories":[109,47],"tags":[2418],"class_list":["post-44075","post","type-post","status-publish","format-standard","has-post-thumbnail","hentry","category-minuto-a-minuto","category-zona-gris","tag-francisco-martinez-neri"],"jetpack_featured_media_url":"https:\/\/zonaroja.com.mx\/wp-content\/uploads\/2022\/07\/Conferencia-de-prensa-artistas-exposicion-sandias.jpg","jetpack_sharing_enabled":true,"_links":{"self":[{"href":"https:\/\/zonaroja.com.mx\/index.php?rest_route=\/wp\/v2\/posts\/44075","targetHints":{"allow":["GET"]}}],"collection":[{"href":"https:\/\/zonaroja.com.mx\/index.php?rest_route=\/wp\/v2\/posts"}],"about":[{"href":"https:\/\/zonaroja.com.mx\/index.php?rest_route=\/wp\/v2\/types\/post"}],"author":[{"embeddable":true,"href":"https:\/\/zonaroja.com.mx\/index.php?rest_route=\/wp\/v2\/users\/2"}],"replies":[{"embeddable":true,"href":"https:\/\/zonaroja.com.mx\/index.php?rest_route=%2Fwp%2Fv2%2Fcomments&post=44075"}],"version-history":[{"count":1,"href":"https:\/\/zonaroja.com.mx\/index.php?rest_route=\/wp\/v2\/posts\/44075\/revisions"}],"predecessor-version":[{"id":44077,"href":"https:\/\/zonaroja.com.mx\/index.php?rest_route=\/wp\/v2\/posts\/44075\/revisions\/44077"}],"wp:featuredmedia":[{"embeddable":true,"href":"https:\/\/zonaroja.com.mx\/index.php?rest_route=\/wp\/v2\/media\/44076"}],"wp:attachment":[{"href":"https:\/\/zonaroja.com.mx\/index.php?rest_route=%2Fwp%2Fv2%2Fmedia&parent=44075"}],"wp:term":[{"taxonomy":"category","embeddable":true,"href":"https:\/\/zonaroja.com.mx\/index.php?rest_route=%2Fwp%2Fv2%2Fcategories&post=44075"},{"taxonomy":"post_tag","embeddable":true,"href":"https:\/\/zonaroja.com.mx\/index.php?rest_route=%2Fwp%2Fv2%2Ftags&post=44075"}],"curies":[{"name":"wp","href":"https:\/\/api.w.org\/{rel}","templated":true}]}}